{"id":3874,"date":"2017-03-08T11:18:27","date_gmt":"2017-03-08T10:18:27","guid":{"rendered":"http:\/\/robertopla.net\/blog\/?p=3874"},"modified":"2017-03-08T11:19:15","modified_gmt":"2017-03-08T10:19:15","slug":"las-cosas-de-internet-en-latin","status":"publish","type":"post","link":"https:\/\/robertopla.net\/blog\/las-cosas-de-internet-en-latin.htm","title":{"rendered":"Las cosas de Internet, en lat\u00edn"},"content":{"rendered":"<p>El pasado oto\u00f1o se celebr\u00f3 en Barcelona la <a href=\"http:\/\/www.iotsworldcongress.com\/\">feria del internet de las cosas <\/a>(IoT). Tuve ocasi\u00f3n de asistir y con poco tiempo y mucho inter\u00e9s en el tema, pude detenerme poco en los stands de los diferentes expositores, solo en algunos de los que me llamaron la m\u00e1s la atenci\u00f3n, pero procur\u00e9\u00a0recoger informaci\u00f3n de todos los\u00a0que me parecieron interesantes para luego analizarla en casa con m\u00e1s detenimiento y sobre todo para ampliarla visitando las webs que figuran en los folletos recogidos.<\/p>\n<p>Uno de los folletos que recog\u00ed estaba editado por la Generalitat de Catalunya. Me pareci\u00f3 muy buen criterio, por parte de la administraci\u00f3n, la promoci\u00f3n de la econom\u00eda digital en nuestra regi\u00f3n ya que estoy convencido de que el IoT es uno de los sectores econ\u00f3micos que va a experimentar un mayor crecimiento en los pr\u00f3ximos a\u00f1os, como por otra parte he podido confirmar en el reciente Mobile World Congress 2017 (#MWC17).<\/p>\n<p>Lo malo es que a veces las administraciones, en realidad los pol\u00edticos que las administran en nuestro nombre, se apuntan m\u00e1s a apuntarse los puntos que proporcina el tema de\u00a0moda que realmente a promover el inter\u00e9s p\u00fablico.<\/p>\n<p>Muchas veces me pregunto si el inter\u00e9s por la ecolog\u00eda, la igualdad de g\u00e9nero, las v\u00edctimas de malos tratos, la econom\u00eda digital, el emprendimiento\u00a0y otros tantos temas que ocupan\u00a0las portadas de los peri\u00f3dicos, interesan realmente a los pol\u00edticos o si por el contrario lo \u00fanico que les interesa es estar en la portada del peri\u00f3dico.<\/p>\n<p>Quiz\u00e1s, si hacen lo correcto y se preocupan por los temas que nos preocupan a todos como ciudadanos, y lo hacen bien,\u00a0podr\u00eda dar igual cual sea\u00a0su motivaci\u00f3n. Es decir, \u00abque lo hagan bien, aunque sea por motivos equivocados\u00bb.<\/p>\n<p>Este razonamiento tiene dos fallos. El primero es que quien no es sincero en sus intenciones y de hecho nos enga\u00f1a para conseguir nuestro voto, no es de fiar. En el momento en que admites que te enga\u00f1en, pierdes el control y la cadena de la delegaci\u00f3n de la soberan\u00eda que supone el sufragio democr\u00e1tico se rompe. La democracia es incompatible con la mentira.<\/p>\n<p>El segundo error es que quien act\u00faa por motivaciones torticeras, raramente ser\u00e1 ni eficaz ni eficiente. Es decir, que no conseguir\u00e1 los objetivos propuestos -al menos los de todos, los de inter\u00e9s p\u00fablico- \u00a0ni tampoco lo har\u00e1 con el m\u00ednimo coste posible. No se puede ir recto por un camino torcido.<\/p>\n<p>Como los polic\u00edas que pillaron a Al Capone, hay que seguir la pista del dinero. La forma en que administran nuestro dinero, dice mucho, casi todo, de como cumplen los pol\u00edticos nuestro mandato democr\u00e1tico. La imagen de corrupci\u00f3n, saqueo, derroche y falta de eficacia no dice mucho de la calidad de la democracia. Dan igual las encendidas proclamas de fe democr\u00e1tica. Obras son amores y no buenas razones. Quienes aman el pa\u00eds, no lo saquean.<\/p>\n<p><a href=\"http:\/\/cataloniaiot.com\/ebook\"><img loading=\"lazy\" decoding=\"async\" class=\"alignleft wp-image-3876\" src=\"http:\/\/robertopla.net\/blog\/wp-content\/uploads\/2017\/03\/iot_cat_QR.png\" alt=\"bidi\" width=\"104\" height=\"104\" srcset=\"https:\/\/robertopla.net\/blog\/wp-content\/uploads\/2017\/03\/iot_cat_QR.png 640w, https:\/\/robertopla.net\/blog\/wp-content\/uploads\/2017\/03\/iot_cat_QR-150x150.png 150w, https:\/\/robertopla.net\/blog\/wp-content\/uploads\/2017\/03\/iot_cat_QR-300x300.png 300w\" sizes=\"auto, (max-width: 104px) 100vw, 104px\" \/><\/a>Y as\u00ed llegamos al Internet de las cosas y al folleto que recog\u00ed en el stand de la Generalitat de Catalunya. En el folleto hay un bidi que remite a descargarse un archivo PDF sobre una iniciativa denominada \u00abIoT Catalan Aliance\u00bb. Ayer, 7 de marzo, me lo descarg\u00e9.<\/p>\n<p>Despu\u00e9s de una introducci\u00f3n muy de \u00abbla,bla,bla\u00bb y de las condiciones para formar parte de esa &#8216;alianza&#8217;, me encontr\u00e9 con una parrafada en lat\u00edn. Yo que soy \u00abde ciencias\u00bb presumo de recordar bastante m\u00e1s que la media mis cursos de lat\u00edn del bachiller, pero a pesar de ello, la traducci\u00f3n me resultaba dif\u00edcil. recurr\u00ed al traductor de Google, que se li\u00f3 aun m\u00e1s que yo.<\/p>\n<p style=\"text-align: center;\"><a><img decoding=\"async\" style=\"width: 401px; height: 640px; border: none;\" title=\"pag.9\" src=\"https:\/\/farm4.staticflickr.com\/3953\/33318615335_974959909d_z_d.jpg\" alt=\"pag.9\" \/><\/a><\/p>\n<p>La cuesti\u00f3n era sorprendente, porque si en un folleto sobre tecnolog\u00eda a alguien se le ocurre la idea de poner un latinajo, se espera que sea una sentencia breve y motivadora, algo as\u00ed como \u00ab<em>ut omnia cooperantur<\/em>\u00ab, \u00ab<em>omnia sunt unum<\/em>\u00ab, \u00ab<em>unum est fortitudo<\/em>\u00bb o cosas similares, pero una parrafada de dif\u00edcil traducci\u00f3n&#8230; El misterio se desvel\u00f3 al seguir, tras la gr\u00e1fica, con el siguiente p\u00e1rrafo que no solo estaba en lat\u00edn (catal\u00e1n antiguo, dir\u00e1n algunos) sino que adem\u00e1s era el mismo texto. Eso si, con un rimbombante titulo en ingl\u00e9s.<\/p>\n<p>Acabaramos!, se trata de un <a href=\"http:\/\/ca.lipsum.com\/\">\u00abLorem Ipsum\u00bb <\/a>utilizado probablemente para maquetar la p\u00e1gina y que jam\u00e1s fue sustituido por el texto correspondiente. Lo cual habla poco pero mal de como se gasta nuestro dinero, del inter\u00e9s que se ha puesto en el contenido real de la propuesta sobre el IoT y del \u00e9xito que ha tenido, pues seis meses despu\u00e9s. no se ha corregido. Aix\u00ed no anem b\u00e9. O en \u00abCatal\u00e1n antiguo\u00bb, <em>Ergo non in ante.<\/em><\/p>\n","protected":false},"excerpt":{"rendered":"<p>Un texto de la Generalitat sobre el Internet de las cosas escrito en lat\u00edn lleva meses colgado en internet. <a href=\"https:\/\/robertopla.net\/blog\/las-cosas-de-internet-en-latin.htm\">Sigue leyendo <span class=\"meta-nav\">&rarr;<\/span><\/a><\/p>\n","protected":false},"author":1,"featured_media":0,"comment_status":"open","ping_status":"open","sticky":false,"template":"","format":"standard","meta":{"footnotes":""},"categories":[4],"tags":[60,90,131,185,432,433,282],"class_list":["post-3874","post","type-post","status-publish","format-standard","hentry","category-frikilandia","tag-catalunya","tag-democracia","tag-filosofia","tag-internet","tag-iot","tag-latin","tag-politica"],"_links":{"self":[{"href":"https:\/\/robertopla.net\/blog\/wp-json\/wp\/v2\/posts\/3874","targetHints":{"allow":["GET"]}}],"collection":[{"href":"https:\/\/robertopla.net\/blog\/wp-json\/wp\/v2\/posts"}],"about":[{"href":"https:\/\/robertopla.net\/blog\/wp-json\/wp\/v2\/types\/post"}],"author":[{"embeddable":true,"href":"https:\/\/robertopla.net\/blog\/wp-json\/wp\/v2\/users\/1"}],"replies":[{"embeddable":true,"href":"https:\/\/robertopla.net\/blog\/wp-json\/wp\/v2\/comments?post=3874"}],"version-history":[{"count":2,"href":"https:\/\/robertopla.net\/blog\/wp-json\/wp\/v2\/posts\/3874\/revisions"}],"predecessor-version":[{"id":3877,"href":"https:\/\/robertopla.net\/blog\/wp-json\/wp\/v2\/posts\/3874\/revisions\/3877"}],"wp:attachment":[{"href":"https:\/\/robertopla.net\/blog\/wp-json\/wp\/v2\/media?parent=3874"}],"wp:term":[{"taxonomy":"category","embeddable":true,"href":"https:\/\/robertopla.net\/blog\/wp-json\/wp\/v2\/categories?post=3874"},{"taxonomy":"post_tag","embeddable":true,"href":"https:\/\/robertopla.net\/blog\/wp-json\/wp\/v2\/tags?post=3874"}],"curies":[{"name":"wp","href":"https:\/\/api.w.org\/{rel}","templated":true}]}}