{"id":3908,"date":"2017-08-01T11:04:35","date_gmt":"2017-08-01T09:04:35","guid":{"rendered":"http:\/\/robertopla.net\/blog\/?p=3908"},"modified":"2017-08-01T11:07:22","modified_gmt":"2017-08-01T09:07:22","slug":"la-portada-del-verano","status":"publish","type":"post","link":"https:\/\/robertopla.net\/blog\/la-portada-del-verano.htm","title":{"rendered":"La portada del verano"},"content":{"rendered":"<p>A trav\u00e9s de mi cuenta en Flickr y precisamente en la p\u00e1gina del dibujo protagonista de esta noticia, la usuaria <a href=\"https:\/\/www.flickr.com\/photos\/aidibus\/\">aidibus<\/a> me comenta que le gusta mucho mi dibujo y que lo han usado de cabecera para este verano en el <a href=\"http:\/\/spain.urbansketchers.org\/\">blog de los Urbansketchers de Espa\u00f1a<\/a>.<\/p>\n<p><a href=\"http:\/\/robertopla.net\/blog\/wp-content\/uploads\/2017\/08\/portadausk.jpg\"><img loading=\"lazy\" decoding=\"async\" class=\"aligncenter size-full wp-image-3910\" src=\"http:\/\/robertopla.net\/blog\/wp-content\/uploads\/2017\/08\/portadausk.jpg\" alt=\"\" width=\"1009\" height=\"720\" srcset=\"https:\/\/robertopla.net\/blog\/wp-content\/uploads\/2017\/08\/portadausk.jpg 1009w, https:\/\/robertopla.net\/blog\/wp-content\/uploads\/2017\/08\/portadausk-300x214.jpg 300w, https:\/\/robertopla.net\/blog\/wp-content\/uploads\/2017\/08\/portadausk-768x548.jpg 768w\" sizes=\"auto, (max-width: 1009px) 100vw, 1009px\" \/><\/a><\/p>\n<p>Para cualquier artista que su obra agrade a otros es una buena noticia. Los que dibujamos por placer y compartimos nuestros dibujos bajo licencias libres, que estos sean utilizados supone una mayor satisfacci\u00f3n. Junto a la que genera el haber creado algo que otros consideran bello, est\u00e1 la de haber creado algo \u00fatil, la sensaci\u00f3n modesta pero al fin y al cabo real de contribuir al funcionamiento de este mundo. Sin grandilocuencias, solo con un peque\u00f1o granito de arena.<br \/>\nMi agradecimiento a los responsables del blog y a todos los compa\u00f1eros urbansketchers, amigos y usuarios de <a href=\"https:\/\/www.flickr.com\/\">Flickr <\/a>que visitan mis dibujos, los comentan y los incluyen entre sus favoritos por porporcionarme este estimulo y esas sensaciones tan agradables.<\/p>\n<p><a href=\"https:\/\/www.flickr.com\/photos\/fotero\/34888271093\/\"><img decoding=\"async\" style=\"margin:none;width:640px;height320px:\" src=\"https:\/\/farm5.staticflickr.com\/4217\/34888271093_2d64bd08d4_z_d.jpg\" alt=\"Playa de El prat\" title=\"Playa de El prat\" \/><\/p>\n","protected":false},"excerpt":{"rendered":"<p>Uno de mis dibujos ha sido elegido para la cabecera del blog de los Urbansketchers de Espa\u00f1a. <a href=\"https:\/\/robertopla.net\/blog\/la-portada-del-verano.htm\">Sigue leyendo <span class=\"meta-nav\">&rarr;<\/span><\/a><\/p>\n","protected":false},"author":1,"featured_media":0,"comment_status":"open","ping_status":"open","sticky":false,"template":"","format":"standard","meta":{"footnotes":""},"categories":[383],"tags":[49,95,438,386],"class_list":["post-3908","post","type-post","status-publish","format-standard","hentry","category-dibujo","tag-blog","tag-dibujo","tag-urbanskechers","tag-usk"],"_links":{"self":[{"href":"https:\/\/robertopla.net\/blog\/wp-json\/wp\/v2\/posts\/3908","targetHints":{"allow":["GET"]}}],"collection":[{"href":"https:\/\/robertopla.net\/blog\/wp-json\/wp\/v2\/posts"}],"about":[{"href":"https:\/\/robertopla.net\/blog\/wp-json\/wp\/v2\/types\/post"}],"author":[{"embeddable":true,"href":"https:\/\/robertopla.net\/blog\/wp-json\/wp\/v2\/users\/1"}],"replies":[{"embeddable":true,"href":"https:\/\/robertopla.net\/blog\/wp-json\/wp\/v2\/comments?post=3908"}],"version-history":[{"count":4,"href":"https:\/\/robertopla.net\/blog\/wp-json\/wp\/v2\/posts\/3908\/revisions"}],"predecessor-version":[{"id":3914,"href":"https:\/\/robertopla.net\/blog\/wp-json\/wp\/v2\/posts\/3908\/revisions\/3914"}],"wp:attachment":[{"href":"https:\/\/robertopla.net\/blog\/wp-json\/wp\/v2\/media?parent=3908"}],"wp:term":[{"taxonomy":"category","embeddable":true,"href":"https:\/\/robertopla.net\/blog\/wp-json\/wp\/v2\/categories?post=3908"},{"taxonomy":"post_tag","embeddable":true,"href":"https:\/\/robertopla.net\/blog\/wp-json\/wp\/v2\/tags?post=3908"}],"curies":[{"name":"wp","href":"https:\/\/api.w.org\/{rel}","templated":true}]}}