{"id":391,"date":"2008-04-14T19:08:27","date_gmt":"2008-04-14T17:08:27","guid":{"rendered":"http:\/\/robertopla.net\/blog\/efemerides-republicana.htm"},"modified":"2008-04-14T19:08:27","modified_gmt":"2008-04-14T17:08:27","slug":"efemerides-republicana","status":"publish","type":"post","link":"https:\/\/robertopla.net\/blog\/efemerides-republicana.htm","title":{"rendered":"Efem\u00e9rides republicana"},"content":{"rendered":"<p>Hoy 14 de abril se conmemora el aniversario de la proclamaci\u00f3n de la segunda rep\u00fablica espa\u00f1ola. Un hecho hist\u00f3rico que para algunos representa un ramalazo nost\u00e1lgico y para otros una llamada a la esperanza.<\/p>\n<p>Yo no me encuentro ni entre los unos ni entre los otros. La segunda rep\u00fablica es para mi un hecho hist\u00f3rico que abordo sin sentimientos a favor o en contra y solo como historia me interesa. Creo que se trataba de una ocasi\u00f3n para la esperanza. Esperanza para Espa\u00f1a de superar la crisis constitucional del siglo XIX, la divisi\u00f3n entre liberales y conservadores, el acceso a la modernidad y al progreso.<\/p>\n<p>Por ello naci\u00f3 de una forma extra\u00f1a, lleg\u00f3 sin invitaci\u00f3n, de la mano de unas elecciones municipales y se qued\u00f3 sin la oposici\u00f3n del representante de una monarqu\u00eda y un sistema consumido quiz\u00e1s por sus propios errores e incapacidades.<\/p>\n<p>Pero parece ser que esos errores e incapacidades no eran potestad privativa del sistema mon\u00e1rquico y la rep\u00fablica no supo o no le dejaron superarlos. Quiz\u00e1s las limitaciones no eran del sistema sino de sus propios protagonistas. Habr\u00eda que preguntarse cuantas de esas incapacidades hemos preservado hasta hoy y cuantas de las virtudes republicanas <a href=\"http:\/\/noticias.juridicas.com\/base_datos\/Admin\/constitucion.html\">puede lucir una monarqu\u00eda<\/a> con vocaci\u00f3n de estado social y democr\u00e1tico de Derecho que proclama como sus principios la libertad, la justicia, la igualdad y el pluralismo pol\u00edtico.<\/p>\n<p>Me parece que la cuesti\u00f3n sobre la forma del estado resulta hoy trivial porque m\u00e1s importante que su forma es su contenido: Como y de que forma trabajamos y nos afanamos en dar sentido a esos principios que decimos constituyen los valores superiores de nuestro ordenamiento jur\u00eddico o por el contrario como nos entretenemos en las palabras huecas, lo pol\u00edticamente correcto, los gestos hacia la galer\u00eda, la denostaci\u00f3n del adversario y la mentira o el libelo para socavar la competencia de los propios partidarios.<\/p>\n<p>Mientras se proclama un nuevo ministerio de igualdad, la prensa no deja de destacar la trivialidad, elevada al rango de efem\u00e9rides, de una ministra de defensa embarazada pasando revista a las tropas. Por supuesto sin el m\u00e1s m\u00ednimo inter\u00e9s por sus intenciones al frente del ministerio, la situaci\u00f3n de leyes b\u00e1sicas promulgadas por el anterior gobierno y los planes para desarrollarlas, el mantenimiento o no de los altos cargos del departamento&#8230;.<\/p>\n<p>No, nada de eso. Incluso los conocidos van y te preguntan: \u00ab<em>\u00a1Que!, \u00bfQue tal con la ministra?<\/em>\u00ab. Como si despu\u00e9s de jurar el cargo, la titular de la cartera me hubiera llamado para hacerme confidencias o invitarme a cenar.  O como si yo fuera dado a expresar mi opini\u00f3n sobre mis superiores jer\u00e1rquicos, especialmente cuando no cuento con elementos de juicio sobre su actuaci\u00f3n o simplemente esta a\u00fan no ha empezado.  El comentario m\u00e1s repetido estos d\u00edas es de una trivialidad que roza el insulto.<\/p>\n<p>Nos quedamos en la c\u00e1scara sin mostrar el m\u00ednimo inter\u00e9s por la yema ni a\u00fan por la clara de los asuntos que nos incumben. El tema no es el estado de gestaci\u00f3n o el sexo del Ministro de Defensa. El tema es si su actuaci\u00f3n al frente del departamento y en la  pol\u00edtica del nuevo gobierno nos har\u00e1 avanzar en mayores cotas de  libertad, justicia, igualdad y pluralismo pol\u00edtico.<\/p>\n<p>Mientras, los militares n tenemos otra opinion que aprestarmos a mantener <a href=\"http:\/\/noticias.juridicas.com\/base_datos\/Admin\/l85-1978.html\">nuestro puesto en formaci\u00f3n<\/a>, atentos a las \u00f3rdenes del mando, convencidos de que su exacto cumplimiento contribuir\u00e1 a alcanzar la victoria. Sencillas, claras, las ordenanzas quiz\u00e1s no son perfectas, pero es lo que hay y hay que cumplirlas. Honradez es buscar la verdad, decir lo que se piensa y cumplir lo prometido. Lo importante son los principios y no el color con el que los pintamos.<\/p>\n","protected":false},"excerpt":{"rendered":"<p>Hoy 14 de abril se conmemora el aniversario de la proclamaci\u00f3n de la segunda rep\u00fablica espa\u00f1ola. Un hecho hist\u00f3rico que para algunos representa un ramalazo nost\u00e1lgico y para otros una llamada a la esperanza. Yo no me encuentro ni entre &hellip; <a href=\"https:\/\/robertopla.net\/blog\/efemerides-republicana.htm\">Sigue leyendo <span class=\"meta-nav\">&rarr;<\/span><\/a><\/p>\n","protected":false},"author":1,"featured_media":0,"comment_status":"open","ping_status":"open","sticky":false,"template":"","format":"standard","meta":{"footnotes":""},"categories":[9],"tags":[],"class_list":["post-391","post","type-post","status-publish","format-standard","hentry","category-rerum-militari"],"_links":{"self":[{"href":"https:\/\/robertopla.net\/blog\/wp-json\/wp\/v2\/posts\/391","targetHints":{"allow":["GET"]}}],"collection":[{"href":"https:\/\/robertopla.net\/blog\/wp-json\/wp\/v2\/posts"}],"about":[{"href":"https:\/\/robertopla.net\/blog\/wp-json\/wp\/v2\/types\/post"}],"author":[{"embeddable":true,"href":"https:\/\/robertopla.net\/blog\/wp-json\/wp\/v2\/users\/1"}],"replies":[{"embeddable":true,"href":"https:\/\/robertopla.net\/blog\/wp-json\/wp\/v2\/comments?post=391"}],"version-history":[{"count":0,"href":"https:\/\/robertopla.net\/blog\/wp-json\/wp\/v2\/posts\/391\/revisions"}],"wp:attachment":[{"href":"https:\/\/robertopla.net\/blog\/wp-json\/wp\/v2\/media?parent=391"}],"wp:term":[{"taxonomy":"category","embeddable":true,"href":"https:\/\/robertopla.net\/blog\/wp-json\/wp\/v2\/categories?post=391"},{"taxonomy":"post_tag","embeddable":true,"href":"https:\/\/robertopla.net\/blog\/wp-json\/wp\/v2\/tags?post=391"}],"curies":[{"name":"wp","href":"https:\/\/api.w.org\/{rel}","templated":true}]}}