{"id":394,"date":"2008-04-18T22:46:52","date_gmt":"2008-04-18T20:46:52","guid":{"rendered":"http:\/\/robertopla.net\/blog\/entrevista-ser.htm"},"modified":"2008-04-18T22:46:52","modified_gmt":"2008-04-18T20:46:52","slug":"entrevista-ser","status":"publish","type":"post","link":"https:\/\/robertopla.net\/blog\/entrevista-ser.htm","title":{"rendered":"Entrevista en la SER"},"content":{"rendered":"<p>Hoy me han entrevistado en la SER. No ten\u00eda nada que ver con el blog, ni siquiera con mis aficiones aeron\u00e1uticas. Era cosa de mi trabajo. Para los que siguen este blog creo que no es un misterio que soy militar de profesi\u00f3n y actualmente estoy destinado como Jefe del <a href=\"http:\/\/www.ejercitodelaire.mde.es\/WebEA\/static\/ServContenidos?id=3A69A2328123A050C12570DD0042A836&#038;plantilla=generica\">Escuadr\u00f3n de Vigil\u00e1ncia A\u00e9rea N\u00famero&nbsp;4<\/a> en Roses (Girona).<\/p>\n<p>Y por eso se ha interesado por m\u00ed la <a href=\"http:\/\/www.cadenaser.com\/emisoras\/emisora.html?anchor=seremigir\">SER de Girona<\/a>. Maxim Castillo me ha llamado durante su programa de las 12:20 para una breve entrevista. Aun as\u00ed hacia d\u00edas que hab\u00edan solicitado permiso a la oficina de relaciones p\u00fablicas del Ej\u00e9rcito del Aire, esta a Defensa y concedido el permiso, hemos hecho la entrevista. Los militares no podemos hacer declaraciones p\u00fablicas como tales militares sobre nuestro trabajo sin la autorizaci\u00f3n de nuestro jefe.<\/p>\n<p>A las 12:20 me han llamado por tel\u00e9fono y hemos tenido una breve conversaci\u00f3n sobre las visitas que con motivo del 50 aniversario de la unidad se est\u00e1n realizando al <a href=\"http:\/\/www.panical.org\/\">Pan\u00ed<\/a>. Maxim <a href=\"http:\/\/robertopla.net\/blog\/efemerides-republicana.htm\">no hab\u00eda leido mi blog<\/a> y no ha podido evitar preguntarme por la Sra. Ministra.<\/p>\n<p>Aqui est\u00e1 el archivo con la entrevista. Son 6386460 bytes (unos seis megas) y si al final del articulo no aparece el reproductor de sonidos lo podeis bajar desde <a href=\"http:\/\/robertopla.net\/art\/sonido\/20080418_CadenaSER.mp3\">este enlace<\/a>.<\/p>\n<p><embed src=\"http:\/\/robertopla.net\/art\/sonido\/20080418_CadenaSER.mp3\" height=\"50\" width=\"180\" type=\"application\/x-mplayer2\" autostart=\"0\" loop=\"0\" volume=\"-300\"><\/embed><\/p>\n","protected":false},"excerpt":{"rendered":"<p>Hoy me han entrevistado en la SER. No ten\u00eda nada que ver con el blog, ni siquiera con mis aficiones aeron\u00e1uticas. Era cosa de mi trabajo. Para los que siguen este blog creo que no es un misterio que soy &hellip; <a href=\"https:\/\/robertopla.net\/blog\/entrevista-ser.htm\">Sigue leyendo <span class=\"meta-nav\">&rarr;<\/span><\/a><\/p>\n","protected":false},"author":1,"featured_media":0,"comment_status":"open","ping_status":"open","sticky":false,"template":"","format":"standard","meta":{"footnotes":""},"categories":[9],"tags":[],"class_list":["post-394","post","type-post","status-publish","format-standard","hentry","category-rerum-militari"],"_links":{"self":[{"href":"https:\/\/robertopla.net\/blog\/wp-json\/wp\/v2\/posts\/394","targetHints":{"allow":["GET"]}}],"collection":[{"href":"https:\/\/robertopla.net\/blog\/wp-json\/wp\/v2\/posts"}],"about":[{"href":"https:\/\/robertopla.net\/blog\/wp-json\/wp\/v2\/types\/post"}],"author":[{"embeddable":true,"href":"https:\/\/robertopla.net\/blog\/wp-json\/wp\/v2\/users\/1"}],"replies":[{"embeddable":true,"href":"https:\/\/robertopla.net\/blog\/wp-json\/wp\/v2\/comments?post=394"}],"version-history":[{"count":0,"href":"https:\/\/robertopla.net\/blog\/wp-json\/wp\/v2\/posts\/394\/revisions"}],"wp:attachment":[{"href":"https:\/\/robertopla.net\/blog\/wp-json\/wp\/v2\/media?parent=394"}],"wp:term":[{"taxonomy":"category","embeddable":true,"href":"https:\/\/robertopla.net\/blog\/wp-json\/wp\/v2\/categories?post=394"},{"taxonomy":"post_tag","embeddable":true,"href":"https:\/\/robertopla.net\/blog\/wp-json\/wp\/v2\/tags?post=394"}],"curies":[{"name":"wp","href":"https:\/\/api.w.org\/{rel}","templated":true}]}}