{"id":402,"date":"2008-05-02T21:39:08","date_gmt":"2008-05-02T19:39:08","guid":{"rendered":"http:\/\/robertopla.net\/blog\/el-dos-de-mayo.htm"},"modified":"2008-05-02T21:39:08","modified_gmt":"2008-05-02T19:39:08","slug":"dos-de-mayo","status":"publish","type":"post","link":"https:\/\/robertopla.net\/blog\/dos-de-mayo.htm","title":{"rendered":"El dos de Mayo"},"content":{"rendered":"<p>Hablar de una fecha como esta tiene mucho peligro. Hasta hace poco bastaba acudir a las fuentes com\u00fanes y a los t\u00f3picos para ensalzar el hero\u00edsmo del pueblo madrile\u00f1o, el valor id\u00f3mito del pueblo espa\u00f1ol certificando su sentir patri\u00f3tico y su misma esencia.<\/p>\n<p>Mi amigo <a href=\"http:\/\/web.jet.es\/terol\/\">Pepe Terol<\/a> contaba en un art\u00edculo que durante el destacamento del Ej\u00e9rcito del Aire espa\u00f1ol en la Base de Aviano, un cuatro de julio, d\u00eda de la independencia de los Estados Unidos, un norteamericano le pregunt\u00f3 a un espa\u00f1ol que hac\u00eda tranquilamente una paella, \u00ab\u00bfCu\u00e1ndo es vuestro d\u00eda de la Independencia?\u00bb. Sin dejar de mirar el arroz, el espa\u00f1ol le dijo: \u00abNosortos no tenemos d\u00eda de la Independencia; Siempre hemos sido independientes\u00bb. El asombrado estadounidense no pudo m\u00e1s que asentir asombrado ante aquella rotunda afirmaci\u00f3n, tan inexacta como oportuna.<\/p>\n<p>Yo la retorcer\u00eda para decir, quiz\u00e1s de una forma tambi\u00e9n inexacta pero seguramente comprensible que si, que siempre hemos sido independientes. Todos y cada uno de nosotros, respecto a nuestros vecinos, paisanos, compa\u00f1eros de trabajo. Independientes, aut\u00f3nomos, insolidarios, egoc\u00e9ntricos, exclusivistas, envidiosos y cuantos adjetivos m\u00e1s puedan mostrar la falta de un esp\u00edritu com\u00fan, de la incompetencia para el trabajo en equipo y en general de la mayor parte de las aptitudes necesarias para el trabajo eficaz en equipo.<\/p>\n<p>Soy consciente de mi propia exageraci\u00f3n y de que su exacerbaci\u00f3n me aleja de la realidad, pero como en la comedia griega, solo la exageraci\u00f3n de los caracteres, el espa\u00f1ol\u00edsimo esperpento, nos puede ofrecer una imagen simple de la realidad compleja.<\/p>\n<p>Hoy he visto que est\u00e1 de moda la revisi\u00f3n del dos de mayo. No iba a ser la \u00fanica parte de nuestra historia que nos priv\u00e1semos de reescribir. Quiz\u00e1s porque lo observo desde Catalunya donde se dice que siempre se ha llamado a aquella guerra \u00abLa guerra del Franc\u00e9s\u00bb. Como otras tantas cosas en esta bendita tierra, \u00absiempre\u00bb quiere decir desde 1930; Cosas del \u00ab<em>fet diferencial<\/em>\u00ab. Curiosamente hoy ve\u00eda en televisi\u00f3n a un historiador afirmar que la primera menci\u00f3n a la \u00abguerra de la Independencia\u00bb fue hecha por un militar catal\u00e1n, el Teniente Coronel D. <a href=\"http:\/\/seneca.uab.es\/historia\/zaragoz1.htm\">Francisco Xavier de Cabanes<\/a>, que en el temprano 1809 escribi\u00f3 un libro titulado \u00ab<em>Historia de las operaciones del Ex\u00e9rcito de Catalu\u00f1a en la primera campa\u00f1a de la guerra de la usurpaci\u00f3n, \u00f3 sea de la Independencia de Espa\u00f1a<\/em>\u00ab.<\/p>\n<p>Es normal que para los nacionalistas catalanes resulte molesto un momento hist\u00f3rico de reafirmaci\u00f3n de la naci\u00f3n espa\u00f1ola y en el cual es indudable e incuestionable que el sentimiento de Espa\u00f1a impregna todos los rincones de la geograf\u00eda patria sin excepciones o hechos diferenciales.<\/p>\n<p>Los conservadores lamentan que ese esp\u00edritu patri\u00f3tico haya deca\u00eddo, sin atisbo de contrici\u00f3n por el hecho de que si ha mermado en algo es precisamente por el abuso que se ha hecho de la llamada al patriotismo para defender los intereses bastardos del dinero y la posici\u00f3n de unos pocos ricos a costa de la sangre y el sudor de los muchos pobres, al tiempo que se negaba la m\u00ednima apariencia de un estado de derecho.<\/p>\n<p>Los progresistas reconocen sin levantar demasiado la voz que aquellos afrancesados eran en muchos casos liberales que ten\u00edan la esperanza de que con los franceses entrase en Espa\u00f1a una forma nueva de gobernar y una m\u00ednima libertad que nos emancipase de la tutela que la iglesia ejerc\u00eda sobre las prebendas de los nobles, pero que al final entre quienes se levantaron contra el invasor se llevaron el gato al agua los que lo hicieron al grito de \u00ab<em>vivan las caenas<\/em>\u00ab, en defensa de un rey incompetente, cornudo y abdicado para entronar a un imb\u00e9cil arrogante y conspirador y fel\u00f3n, cuyo reinado vino a instaurar por su ambici\u00f3n y estrechez de miras el fracaso del constitucionalismo y di\u00f3 origen a las guerras que desde el siglo XIX hasta la constituci\u00f3n de 1978 han enfrentado a los espa\u00f1oles.<\/p>\n<p>No nos podemos quejar. En la vida y en la historia, las personas y los pueblos reciben ni m\u00e1s ni menos que aquello que se merecen y nosotros conmemoramos hoy un levantamiento contra un tirano invasor para defender a un tirano casi aut\u00f3ctono, pero pocas veces en la historia nos hemos levantado para cortarle el cuello a un tirano por el hecho de serlo.<\/p>\n<p>Ya no se llevan guillotinas, horcas, garrotes ni fusilamientos, pero ni tan siquiera en las urnas se ve ese esp\u00edritu de pueblo ind\u00f3mito que defenestra a los sinverg\u00c3\u00bcenzas que le chupan la sangre. Si tuvi\u00e9ramos ese rasgo de independencia, si exigi\u00e9ramos la eficacia y la honradez, la tendr\u00edamos porque nos la merecer\u00edamos, mientras tanto nos toca apechugar con lo que hay.<\/p>\n","protected":false},"excerpt":{"rendered":"<p>Hablar de una fecha como esta tiene mucho peligro. Hasta hace poco bastaba acudir a las fuentes com\u00fanes y a los t\u00f3picos para ensalzar el hero\u00edsmo del pueblo madrile\u00f1o, el valor id\u00f3mito del pueblo espa\u00f1ol certificando su sentir patri\u00f3tico y &hellip; <a href=\"https:\/\/robertopla.net\/blog\/dos-de-mayo.htm\">Sigue leyendo <span class=\"meta-nav\">&rarr;<\/span><\/a><\/p>\n","protected":false},"author":1,"featured_media":0,"comment_status":"open","ping_status":"open","sticky":false,"template":"","format":"standard","meta":{"footnotes":""},"categories":[5],"tags":[],"class_list":["post-402","post","type-post","status-publish","format-standard","hentry","category-fugaces"],"_links":{"self":[{"href":"https:\/\/robertopla.net\/blog\/wp-json\/wp\/v2\/posts\/402","targetHints":{"allow":["GET"]}}],"collection":[{"href":"https:\/\/robertopla.net\/blog\/wp-json\/wp\/v2\/posts"}],"about":[{"href":"https:\/\/robertopla.net\/blog\/wp-json\/wp\/v2\/types\/post"}],"author":[{"embeddable":true,"href":"https:\/\/robertopla.net\/blog\/wp-json\/wp\/v2\/users\/1"}],"replies":[{"embeddable":true,"href":"https:\/\/robertopla.net\/blog\/wp-json\/wp\/v2\/comments?post=402"}],"version-history":[{"count":0,"href":"https:\/\/robertopla.net\/blog\/wp-json\/wp\/v2\/posts\/402\/revisions"}],"wp:attachment":[{"href":"https:\/\/robertopla.net\/blog\/wp-json\/wp\/v2\/media?parent=402"}],"wp:term":[{"taxonomy":"category","embeddable":true,"href":"https:\/\/robertopla.net\/blog\/wp-json\/wp\/v2\/categories?post=402"},{"taxonomy":"post_tag","embeddable":true,"href":"https:\/\/robertopla.net\/blog\/wp-json\/wp\/v2\/tags?post=402"}],"curies":[{"name":"wp","href":"https:\/\/api.w.org\/{rel}","templated":true}]}}