{"id":403,"date":"2008-05-03T23:44:20","date_gmt":"2008-05-03T21:44:20","guid":{"rendered":"http:\/\/robertopla.net\/blog\/libro-de-ocasion.htm"},"modified":"2008-05-03T23:44:20","modified_gmt":"2008-05-03T21:44:20","slug":"libro-de-ocasion","status":"publish","type":"post","link":"https:\/\/robertopla.net\/blog\/libro-de-ocasion.htm","title":{"rendered":"El libro de ocasi\u00f3n"},"content":{"rendered":"<p>En el despliegue de ferias que se celebran con motivo de la fiesta mayor de Figueres hoy le tocaba a la feria del libro de ocasi\u00f3n. Tambi\u00e9n ha habido Misa Mayor, con el pilar a cargo de los Castellers y la entrega de los premios del concurso de rosas, pero esa es otra historia y despu\u00e9s de todos esos actos nos hemos ido a la feria del libro de ocasi\u00f3n. No se trata de la feria del libro antiguo ni del libro viejo o usado, es del libro de &#8216;ocasi\u00f3n&#8217; porque hay ocasi\u00f3n de comprar de todo un poco, incluso nuevo. Ya se sabe, para vender, no hay que perder tampoco la ocasi\u00f3n.<\/p>\n<p>A los mercadillos de libros viejos hay que ir bien pertrechado de informaci\u00f3n. Hay un sorprendente n\u00famero de comerciantes de libros usados y viejos en internet que cuando les preguntas por su local confiesan que solo venden en la red.<\/p>\n<p>En cierta ocasi\u00f3n discutiendo de precios con un comerciante llegamos a la conclusi\u00f3n de que los dos busc\u00e1bamos los libros <a href=\"http:\/\/www.iberlibro.com\/\">en la misma p\u00e1gina de internet<\/a>, solo que \u00e9l los agrupaba en funci\u00f3n de los intereses de los asistentes a la siguiente feria y los sub\u00eda de precio para obtener su beneficio del margen.<\/p>\n<p>En definitiva hay mucho de picard\u00eda y mucho negocio de libros, los aut\u00e9nticos libreros no abundan y los especializados escasean aun m\u00e1s. Por tanto la &#8216;ocasi\u00f3n&#8217; no equivale a la &#8216;ganga&#8217; ni a la &#8216;oportunidad&#8217; en el sentido que el cliente quisiera y solo unas pocas veces se da esa circunst\u00e1ncia. Para mi si que se ha dado hoy ya que he encontrado varios libros raros, casi rar\u00edsimos y me he llevado uno para casa.<\/p>\n<p><img decoding=\"async\" src=\"http:\/\/robertopla.net\/blog\/img\/sotalesbombes.jpg\" style=\"border-style: none; float: left; position: relative; left: 0px; padding-right: 10px; padding-bottom: 10px; padding-top: 10px;\" alt=\"Catalunya sota les Bombes\" title=\"Catalunya sota les Bombes\" \/>\u00abCatalunya sota les Bombes (1936-1939)\u00bb es uno de los estudios m\u00e1s serios publicados hasta el momento sobre los bombardeos en Catalunya durante la guerra civil. Lo hab\u00eda le\u00eddo y consultado varias veces, pero usando el ejemplar de la biblioteca. Hoy lo he encontrado -que ya es mucho- y me lo he llevado a casa por menos de 20 euros, algo que a poco que quienes frecuentan las <a href=\"http:\/\/www.libroantiguo.com\/\">p\u00e1ginas de libros viejos<\/a> saben es un buen precio.<\/p>\n<p>Ha habido otros que he tenido que dejar encima de la mesa con todo el dolor de mi coraz\u00f3n, pero espero qe pronto les llegar\u00e1 su momento de pasar a formar parte de mi biblioteca.<\/p>\n","protected":false},"excerpt":{"rendered":"<p>En el despliegue de ferias que se celebran con motivo de la fiesta mayor de Figueres hoy le tocaba a la feria del libro de ocasi\u00f3n. Tambi\u00e9n ha habido Misa Mayor, con el pilar a cargo de los Castellers y &hellip; <a href=\"https:\/\/robertopla.net\/blog\/libro-de-ocasion.htm\">Sigue leyendo <span class=\"meta-nav\">&rarr;<\/span><\/a><\/p>\n","protected":false},"author":1,"featured_media":0,"comment_status":"open","ping_status":"open","sticky":false,"template":"","format":"standard","meta":{"footnotes":""},"categories":[7],"tags":[],"class_list":["post-403","post","type-post","status-publish","format-standard","hentry","category-libros"],"_links":{"self":[{"href":"https:\/\/robertopla.net\/blog\/wp-json\/wp\/v2\/posts\/403","targetHints":{"allow":["GET"]}}],"collection":[{"href":"https:\/\/robertopla.net\/blog\/wp-json\/wp\/v2\/posts"}],"about":[{"href":"https:\/\/robertopla.net\/blog\/wp-json\/wp\/v2\/types\/post"}],"author":[{"embeddable":true,"href":"https:\/\/robertopla.net\/blog\/wp-json\/wp\/v2\/users\/1"}],"replies":[{"embeddable":true,"href":"https:\/\/robertopla.net\/blog\/wp-json\/wp\/v2\/comments?post=403"}],"version-history":[{"count":0,"href":"https:\/\/robertopla.net\/blog\/wp-json\/wp\/v2\/posts\/403\/revisions"}],"wp:attachment":[{"href":"https:\/\/robertopla.net\/blog\/wp-json\/wp\/v2\/media?parent=403"}],"wp:term":[{"taxonomy":"category","embeddable":true,"href":"https:\/\/robertopla.net\/blog\/wp-json\/wp\/v2\/categories?post=403"},{"taxonomy":"post_tag","embeddable":true,"href":"https:\/\/robertopla.net\/blog\/wp-json\/wp\/v2\/tags?post=403"}],"curies":[{"name":"wp","href":"https:\/\/api.w.org\/{rel}","templated":true}]}}