{"id":408,"date":"2008-05-19T23:23:36","date_gmt":"2008-05-19T21:23:36","guid":{"rendered":"http:\/\/robertopla.net\/blog\/rocroi.htm"},"modified":"2008-05-19T23:23:36","modified_gmt":"2008-05-19T21:23:36","slug":"rocroi","status":"publish","type":"post","link":"https:\/\/robertopla.net\/blog\/rocroi.htm","title":{"rendered":"Rocroi"},"content":{"rendered":"<p>Resulta que el 19 de mayo de 1643 tuvo lugar la <a href=\"http:\/\/www.lilliputmodel.com\/articulos\/cebrian\/rocroi\/rocroi1.htm\">batalla de Rocroi<\/a>. A este hecho hist\u00f3rico se le ha dado un valor de hito hist\u00f3rico como inicio de la decadencia del imperio espa\u00f1ol o incluso de principio del final del <a href=\"http:\/\/es.wikipedia.org\/wiki\/Siglo_de_Oro\">Siglo de Oro<\/a>, aunque para dar por finiquitado este \u00faltimo es m\u00e1s frecuente usar la muerte de <a href=\"http:\/\/es.wikipedia.org\/wiki\/Pedro_Calder%C3%B3n_de_la_Barca\">Calder\u00f3n de la Barca<\/a>, ocurrida en 1681. Como suele suceder en estos casos se trata solo de se\u00f1ales en un libro que los estudiosos usan para simplificar o analizar la historia y en realidad muy pocas veces un solo hecho marca un gran punto de inflexi\u00f3n en la historia.<\/p>\n<p>En este caso, etiquetado como indicio del declive de la Infanteria y ocaso de las armas espa\u00f1olas, lo cierto es que los Tercios siguieron ganando batallas despu\u00e9s de Rocroi y parte de la fama de esa batalla se debe m\u00e1s a la necesidad de jalearse de los franceses que al quebranto de los espa\u00f1oles.<\/p>\n<p>Si es un ejemplo para reflexionar, como otros hechos hist\u00f3ricos, sobre diversos aspectos de la historia, de la t\u00e1ctica y de la propia existencia para sacar esa ense\u00f1anza que la &#8216;maestra de la vida&#8217; nos ofrece.<\/p>\n<p>No quisiera seguir la tendencia iconoclasta que me parece apreciar en muchos an\u00e1lisis de hechos hist\u00f3ricos sometidos a revisi\u00f3n por la cual parece que en vez de historia siempre hemos conocido una sarta de patra\u00f1as o una mitolog\u00eda perversa y quim\u00e9rica, pero si quiero puntualizar varias aspectos de mi punto de vista sobre la cuesti\u00f3n.<\/p>\n<p>En primer lugar que hay que recordar que en Rocroi, como en los hechos de su \u00e9poca los espa\u00f1oles luchan en el seno del ej\u00e9rcito del emperador. Los tercios son espa\u00f1oles, formados por espa\u00f1oles, como los hay italianos, valones, alemanes o suizos seg\u00fan la procedencia de sus soldados. Tercios que normalmente formaba un Maese o General, dir\u00edamos hoy y que cobraban un salario por su servicio. Se trataba sin duda de mercenarios o si se quiere suavizar el t\u00e9rmino, de tropa profesional cuyo especial concepto de la fama y el honor les hacia especialmente valiosos.<\/p>\n<p>Y aunque siento adentrarme en el proceloso campo de los futuribles y las hip\u00f3tesis hist\u00f3ricas, no me queda otro remedio que decir que pienso que quiz\u00e1s con semejante herramienta de guerra se podr\u00edan haber tenido otras miras y haber hecho una pol\u00edtica m\u00e1s inteligente, en vez de defender fincas dispersas, gastar los beneficios de otras conquistas y perseguir herejes.<\/p>\n<p>Militarmente, Rocroi se expone como una demostraci\u00f3n de la importancia de renovar los planteamientos, asegurando que los tercios fueron v\u00edctimas de su t\u00e1ctica inmovilista, de esa frase que aun conservan las Ordenanzas \u00abpersuadido de que (&#8230;) manteniendo la formaci\u00f3n (&#8230;) y estando atento y obediente al mando, contribuir\u00e1 a alcanzar la victoria\u00bb. Y as\u00ed cumplieron los soldados de los tercios del Conde de Villalba y de Don Antonio de Velandia asi como el \u00fatimo que mantuvo la resistencia, pr\u00e1cticamente aniquilados los anteriores, el tercio de Mercader. Resulta impresionante pensar en aquellos soldados a pie, resistiendo hasta seis cargas de caballer\u00eda y andanadas de ca\u00f1ones, reagrup\u00e1ndose y formando el cuadro defensivo, efectuando fuego y retir\u00e1ndose a cargar de nuevo el mosquete, o levantando la pica y blandiendo la espada ante la carga de caballer\u00eda entre los cad\u00e1veres de los compa\u00f1eros muertos, el estruendo, el humo de la p\u00f3lvora y la seguridad de una muerte inminente.<\/p>\n<p>Finalmente el general franc\u00e9s, quiz\u00e1s dudoso de poder aniquilar el cuadro de espa\u00f1oles antes de que acudan los refuerzos del bar\u00f3n de Beck y tal vez precavido de no arriesgar una ya declarada victoria, ofrece una capitulaci\u00f3n m\u00e1s que digna a aquellos hombres a los que sin duda tambi\u00e9n admiran como expresar\u00e1n m\u00e1s tarde en informes y escritos. Los supervivientes abandonan el campo de batalla maltrechos pero con sus armas y estandartes intactos.<\/p>\n<p>Al margen de cualquier otro an\u00e1lisis del contexto hist\u00f3rico la actitud de aquellos hombres que desfilan maltrechos pero orgullosos intacto el honor del deber cumplido es una ense\u00f1anza moral que no podemos eclipsar y que aunque hoy en d\u00eda traslademos los valores del orgullo y el honor a los t\u00e9rminos del prestigio y la profesionalidad la esencia moral resulta la misma solo nos debe resultar admisible el cumplimiento exacto de nuestra obligaci\u00f3n o compromiso, a costa de cualquier perjuicio, incluso la propia vida, ejecutando nuestra tarea con honradez, precisi\u00f3n y abnegaci\u00f3n.<\/p>\n<p>Porque hay cosas que la tecnolog\u00eda no cambia y no deber\u00edamos olvidar.<\/p>\n<div style=\"text-align:center;\">\n<p><a href=\"http:\/\/www.flickr.com\/photos\/pixelitofoto\/477377737\/\" target=\"_blank\"><img decoding=\"async\" src=\"http:\/\/farm1.static.flickr.com\/182\/477377737_0c8cfb50bf.jpg\" style=\"border-type:none;width:450px;height:160px;\" alt=\"Espadas\" title=\"Espadas\" \/><\/a><\/p>\n<\/div>\n","protected":false},"excerpt":{"rendered":"<p>Resulta que el 19 de mayo de 1643 tuvo lugar la batalla de Rocroi. A este hecho hist\u00f3rico se le ha dado un valor de hito hist\u00f3rico como inicio de la decadencia del imperio espa\u00f1ol o incluso de principio del &hellip; <a href=\"https:\/\/robertopla.net\/blog\/rocroi.htm\">Sigue leyendo <span class=\"meta-nav\">&rarr;<\/span><\/a><\/p>\n","protected":false},"author":1,"featured_media":0,"comment_status":"open","ping_status":"open","sticky":false,"template":"","format":"standard","meta":{"footnotes":""},"categories":[9],"tags":[],"class_list":["post-408","post","type-post","status-publish","format-standard","hentry","category-rerum-militari"],"_links":{"self":[{"href":"https:\/\/robertopla.net\/blog\/wp-json\/wp\/v2\/posts\/408","targetHints":{"allow":["GET"]}}],"collection":[{"href":"https:\/\/robertopla.net\/blog\/wp-json\/wp\/v2\/posts"}],"about":[{"href":"https:\/\/robertopla.net\/blog\/wp-json\/wp\/v2\/types\/post"}],"author":[{"embeddable":true,"href":"https:\/\/robertopla.net\/blog\/wp-json\/wp\/v2\/users\/1"}],"replies":[{"embeddable":true,"href":"https:\/\/robertopla.net\/blog\/wp-json\/wp\/v2\/comments?post=408"}],"version-history":[{"count":0,"href":"https:\/\/robertopla.net\/blog\/wp-json\/wp\/v2\/posts\/408\/revisions"}],"wp:attachment":[{"href":"https:\/\/robertopla.net\/blog\/wp-json\/wp\/v2\/media?parent=408"}],"wp:term":[{"taxonomy":"category","embeddable":true,"href":"https:\/\/robertopla.net\/blog\/wp-json\/wp\/v2\/categories?post=408"},{"taxonomy":"post_tag","embeddable":true,"href":"https:\/\/robertopla.net\/blog\/wp-json\/wp\/v2\/tags?post=408"}],"curies":[{"name":"wp","href":"https:\/\/api.w.org\/{rel}","templated":true}]}}