{"id":4111,"date":"2019-07-20T02:37:22","date_gmt":"2019-07-20T00:37:22","guid":{"rendered":"http:\/\/robertopla.net\/blog\/?p=4111"},"modified":"2019-08-16T12:51:18","modified_gmt":"2019-08-16T10:51:18","slug":"yo-estaba-alli","status":"publish","type":"post","link":"https:\/\/robertopla.net\/blog\/yo-estaba-alli.htm","title":{"rendered":"Yo estaba all\u00ed"},"content":{"rendered":"<p>Mentir\u00eda si dijese que recuerdo el d\u00eda. No soy bueno recordando fechas y otras cosas que pueden consultarse f\u00e1cilmente, en un libro, en Wikipedia o en Google. Internet no ayuda a hacer el esfuerzo para recordar esos datos, pero sin embargo guardo clara e intensa la memoria de la noche en que llegamos &#8211; nosotros, la humanidad- a la Luna.<\/p>\n<p>Desde ni\u00f1o, yo era un aut\u00e9ntico entusiasta de los viajes espaciales. Segu\u00eda con atenci\u00f3n cualquier cosa que hablase del programa Apolo o de la carrera espacial. No hab\u00eda muchas fuentes de informaci\u00f3n en los a\u00f1os sesenta: TVE, la \u00fanica televisi\u00f3n de Espa\u00f1a, la Prensa y Radio del Movimiento, la biblioteca de La Caixa y alguna colecci\u00f3n de cromos. Esas eran mis fuentes de informaci\u00f3n.<\/p>\n<p>Para compensar, disfrutaba de una imaginaci\u00f3n muy productiva.\u00a0 Y mis dibujos. Dibujaba naves espaciales, batallas de naves espaciales &#8230;y so\u00f1aba con ir al espacio y ser astronauta.<\/p>\n<p>Como prestaba poca atenci\u00f3n a los estudios, con unos once a\u00f1os, mis padres decidieron hacerme un test psicot\u00e9cnico. Para ver si era tonto de remate o un listillo con mucha geta. Me lo hizo mi pediatra de toda la vida, que adem\u00e1s era un pionero en temas de psicolog\u00eda infantil, El Dr. Cambrod\u00ed.\u00a0 Durante varias tardes asist\u00ed a su consulta y rellen\u00e9 test de diversos tipos. El \u00faltimo d\u00eda, me dijo: \u00abRoberto, hoy no rellenaremos test, te voy a hacer una pregunta, es importante que no contestes enseguida, sino que la pienses muy bien. Quiero que me digas una cosa que deseas much\u00edsimo, que sea factible, pero que sabes que t\u00fa no podr\u00e1s conseguir\u00bb. A pesar de las indicaciones del m\u00e9dico, casi no hab\u00eda acabado de hablar cuando la respuesta sali\u00f3 disparada de mi boca: \u00abser el primero en llegar a la Luna\u00bb.<\/p>\n<p style=\"align: center;\"><img decoding=\"async\" style=\"border: none; width: 193px; height: 300px;\" title=\"Saturno V\" src=\"http:\/\/robertopla.net\/blog\/wp-content\/uploads\/2019\/07\/apollo11_01-193x300.jpg\" alt=\"Saturno V\" \/>\u00a0<img decoding=\"async\" style=\"border: none; width: 193px; height: 300px;\" title=\"Modulo Lunar\" src=\"http:\/\/robertopla.net\/blog\/wp-content\/uploads\/2019\/07\/apollo11_02-193x300.jpg\" alt=\"Modulo Lunar\" \/> <img decoding=\"async\" style=\"border: none; width: 193px; height: 300px;\" title=\"Un gran paso\" src=\"http:\/\/robertopla.net\/blog\/wp-content\/uploads\/2019\/07\/apollo11_03-207x300.jpg\" alt=\"Un gran paso\" \/><\/p>\n<p>El buen doctor se qued\u00f3 con una cara de asombro, medit\u00f3 un momento y anot\u00f3 algo en su hoja. Muchos a\u00f1os despu\u00e9s cuando se encontraba a mi madre por la calle siempre le preguntaba por \u00abel astronauta\u00bb. El diagn\u00f3stico de la evaluaci\u00f3n no me dio por tonto, pero esa es otra historia.<\/p>\n<p>El caso es que para mis padres, que ya sab\u00edan de mis aficiones astron\u00e1uticas qued\u00f3 patente mi inter\u00e9s por el espacio. Cuando unos meses despu\u00e9s el m\u00f3dulo del Apolo XI aterriz\u00f3 en la Luna, los astronautas permanecieron dentro durante unas horas antes de pisar la Luna. El momento hist\u00f3rico se ten\u00eda que producir a altas horas de la noche en horario de Espa\u00f1a, y a esas horas los ni\u00f1os est\u00e1bamos durmiendo. Sin embargo mi madre me despert\u00f3 para que pudiera verlo. Me levant\u00e9 y me sent\u00e9 en el sof\u00e1, con los ojos fijos en la pantalla en blanco y negro de la TV, que ofrec\u00edan unas im\u00e1genes borrosas, y pude ver como Neil Amstron descend\u00eda hasta decir su frase hist\u00f3rica y pisar la Luna. Recuerdo la emoci\u00f3n del momento y como comentaba con mi madre que aquello que presenci\u00e1bamos era, realmente, un momento hist\u00f3rico. Arrebat\u00e1ndome mi codiciada haza\u00f1a, el primer hombre estaba caminando por la superficie de la luna. Y yo estaba all\u00ed, vi\u00e9ndolo todo en directo. Un gran paso para la humanidad.<\/p>\n","protected":false},"excerpt":{"rendered":"<p>Desde ni\u00f1o, yo era un aut\u00e9ntico entusiasta de los viajes espaciales. Segu\u00eda con atenci\u00f3n cualquier cosa que hablase del programa Apolo o de la carrera espacial. <a href=\"https:\/\/robertopla.net\/blog\/yo-estaba-alli.htm\">Sigue leyendo <span class=\"meta-nav\">&rarr;<\/span><\/a><\/p>\n","protected":false},"author":1,"featured_media":0,"comment_status":"open","ping_status":"open","sticky":false,"template":"","format":"standard","meta":{"footnotes":""},"categories":[2],"tags":[37,166,469,249,275,342,349],"class_list":["post-4111","post","type-post","status-publish","format-standard","hentry","category-aerotrastorno","tag-astronautica","tag-historia","tag-luna","tag-nasa","tag-personal","tag-tv","tag-usa"],"_links":{"self":[{"href":"https:\/\/robertopla.net\/blog\/wp-json\/wp\/v2\/posts\/4111","targetHints":{"allow":["GET"]}}],"collection":[{"href":"https:\/\/robertopla.net\/blog\/wp-json\/wp\/v2\/posts"}],"about":[{"href":"https:\/\/robertopla.net\/blog\/wp-json\/wp\/v2\/types\/post"}],"author":[{"embeddable":true,"href":"https:\/\/robertopla.net\/blog\/wp-json\/wp\/v2\/users\/1"}],"replies":[{"embeddable":true,"href":"https:\/\/robertopla.net\/blog\/wp-json\/wp\/v2\/comments?post=4111"}],"version-history":[{"count":2,"href":"https:\/\/robertopla.net\/blog\/wp-json\/wp\/v2\/posts\/4111\/revisions"}],"predecessor-version":[{"id":4123,"href":"https:\/\/robertopla.net\/blog\/wp-json\/wp\/v2\/posts\/4111\/revisions\/4123"}],"wp:attachment":[{"href":"https:\/\/robertopla.net\/blog\/wp-json\/wp\/v2\/media?parent=4111"}],"wp:term":[{"taxonomy":"category","embeddable":true,"href":"https:\/\/robertopla.net\/blog\/wp-json\/wp\/v2\/categories?post=4111"},{"taxonomy":"post_tag","embeddable":true,"href":"https:\/\/robertopla.net\/blog\/wp-json\/wp\/v2\/tags?post=4111"}],"curies":[{"name":"wp","href":"https:\/\/api.w.org\/{rel}","templated":true}]}}