{"id":412,"date":"2008-05-23T02:15:20","date_gmt":"2008-05-23T00:15:20","guid":{"rendered":"http:\/\/robertopla.net\/blog\/puente-brooklyn.htm"},"modified":"2008-05-23T02:15:20","modified_gmt":"2008-05-23T00:15:20","slug":"puente-brooklyn","status":"publish","type":"post","link":"https:\/\/robertopla.net\/blog\/puente-brooklyn.htm","title":{"rendered":"El puente de Brooklyn"},"content":{"rendered":"<p>Me entero por el diario El Pais que <a href=\"http:\/\/www.elpais.com\/articulo\/cultura\/125\/anos\/puente\/emblematico\/elpepucul\/20080522elpepucul_8\/Tes\">el puente de Brooklyn cumple 125 a\u00f1os<\/a>. El 23 de mayo de 1883, el Presidente Chester Arthur y el gobernador Grover Cleveland inauguraron oficialmente el <a href=\"http:\/\/www.guiadenuevayork.com\/t.php?t=5\">Brooklyn Bridge<\/a> ante m\u00e1s que 14.000 invitados. Nuestra visita al puente puede que no constituya un hito en la historia de la infraestructura pero si un agradable recuerdo para nosotros. <\/p>\n<div style=\"text-align:center;\">\n<p><a href=\"http:\/\/www.flickr.com\/photos\/fotero\/1623480396\/\" ><img decoding=\"async\" src=\"http:\/\/farm3.static.flickr.com\/2270\/1623480396_f2a1e2c7a1.jpg\" style=\"border-style:none;width:450px;height:338px;\" alt=\"Puente de Brooklyn, 15\/08\/207\" title=\"Puente de Brooklyn, 15\/08\/207\"\/><\/a><\/p>\n<\/div>\n<p><a href=\"http:\/\/es.wikipedia.org\/wiki\/Puente_de_Brooklyn\">Construido entre 1870 y 1883<\/a> y con sus m\u00e1s de 1.800 metros de longitud, fue dise\u00f1ado por el ingeniero de origen alem\u00e1n John Augustus Roebling y continuado por su hijo cuando este muri\u00f3 durante la construcci\u00f3n.<\/p>\n<p>El 15 de agosto de 2007, sub\u00edamos por la orilla del East River desde el antiguo puerto y cuando llegamos a la altura del puente tuvimos que girar a la izquierda para andar hasta el principio de la rampa, bastante lejos de la orilla. Me sorprendieron los espacios bajo los arcos de la rampa del puente, sobre la tierra usados como una especie de almacenes, pero que para mi eran como las zonas oscuras de la ciudad, los espacios que forman un limbo entre la via p\u00fablica y la propiedad privada, las grietas de la urbe. <\/p>\n<p>Yo estaba algo cansado y ten\u00eda pocas ganas de andar, as\u00ed que hicimos una peque\u00f1a <em>pirula<\/em> para pasar a la v\u00eda peatonal por la que hab\u00eda una intensa circulaci\u00f3n. <\/p>\n<p>Bajo nosotros, los veh\u00edculos circulaban entre la isla de Manhattan y el barrio de Brooklyn y a nuestro alrededor, turistas, paseantes y deportistas recorr\u00edan el puente. Al llegar al primer pilar la pasarela se ensancha y desde all\u00ed estuve observando el tr\u00e1fico bajo mis pies, el r\u00edo y la bah\u00eda. En las barandillas hay textos que hablan de la construcci\u00f3n del puente, lectura por si quieres ilustrarte en el alto del camino.  <\/p>\n<div style=\"text-align:center;\"><a href=\"\/photos\/fotero\/1623473474\/in\/set-72157601731603075\/\" title=\"IMG_0192\"><img decoding=\"async\" src=\"http:\/\/farm3.static.flickr.com\/2210\/1623473474_b743465c9b_s.jpg\" alt=\"IMG_0192\" title=\"IMG_0192\" style=\"border-style:none;height:75px;width:75px;\"><\/a> <a href=\"\/photos\/fotero\/1623470720\/in\/set-72157601731603075\/\" title=\"IMG_0191\"><img decoding=\"async\" src=\"http:\/\/farm3.static.flickr.com\/2106\/1623470720_4862c55360_s.jpg\" alt=\"IMG_0191\" title=\"IMG_0191\" style=\"border-style:none;height:75px;width:75px;\"><\/a> <a href=\"\/photos\/fotero\/1623468046\/in\/set-72157601731603075\/\" title=\"IMG_0190\"><img decoding=\"async\" src=\"http:\/\/farm3.static.flickr.com\/2172\/1623468046_37fdd1f66f_s.jpg\" alt=\"IMG_0190\" title=\"IMG_0190\" style=\"border-style:none;height:75px;width:75px;\"><\/a> <a href=\"\/photos\/fotero\/1622571619\/in\/set-72157601731603075\/\" title=\"IMG_0189\"><img decoding=\"async\" src=\"http:\/\/farm3.static.flickr.com\/2160\/1622571619_ba5c62f797_s.jpg\" alt=\"IMG_0189\" title=\"IMG_0189\" style=\"border-style:none;height:75px;width:75px;\"><\/a><\/div>\n<p>Las im\u00e1genes del puente son poco originales. Uno cree haber llegado al zenit de la t\u00e9cnica fotogr\u00e1fica y la creatividad haciendo una foto en la que los cable del puente forman bonitos dibujos enmarcando sus pilares solo para darse cuenta poco despu\u00e9s que esa foto la han hecho miles de fot\u00f3grafos antes. Sin embargo es imposible resistirse a la magia de las lineas s\u00f3lidas y elegantes de uno de los elementos m\u00e1s caracter\u00edsticos de Nueva York.<\/p>\n","protected":false},"excerpt":{"rendered":"<p>Me entero por el diario El Pais que el puente de Brooklyn cumple 125 a\u00f1os. El 23 de mayo de 1883, el Presidente Chester Arthur y el gobernador Grover Cleveland inauguraron oficialmente el Brooklyn Bridge ante m\u00e1s que 14.000 invitados. &hellip; <a href=\"https:\/\/robertopla.net\/blog\/puente-brooklyn.htm\">Sigue leyendo <span class=\"meta-nav\">&rarr;<\/span><\/a><\/p>\n","protected":false},"author":1,"featured_media":0,"comment_status":"open","ping_status":"open","sticky":false,"template":"","format":"standard","meta":{"footnotes":""},"categories":[10],"tags":[],"class_list":["post-412","post","type-post","status-publish","format-standard","hentry","category-viajes"],"_links":{"self":[{"href":"https:\/\/robertopla.net\/blog\/wp-json\/wp\/v2\/posts\/412","targetHints":{"allow":["GET"]}}],"collection":[{"href":"https:\/\/robertopla.net\/blog\/wp-json\/wp\/v2\/posts"}],"about":[{"href":"https:\/\/robertopla.net\/blog\/wp-json\/wp\/v2\/types\/post"}],"author":[{"embeddable":true,"href":"https:\/\/robertopla.net\/blog\/wp-json\/wp\/v2\/users\/1"}],"replies":[{"embeddable":true,"href":"https:\/\/robertopla.net\/blog\/wp-json\/wp\/v2\/comments?post=412"}],"version-history":[{"count":0,"href":"https:\/\/robertopla.net\/blog\/wp-json\/wp\/v2\/posts\/412\/revisions"}],"wp:attachment":[{"href":"https:\/\/robertopla.net\/blog\/wp-json\/wp\/v2\/media?parent=412"}],"wp:term":[{"taxonomy":"category","embeddable":true,"href":"https:\/\/robertopla.net\/blog\/wp-json\/wp\/v2\/categories?post=412"},{"taxonomy":"post_tag","embeddable":true,"href":"https:\/\/robertopla.net\/blog\/wp-json\/wp\/v2\/tags?post=412"}],"curies":[{"name":"wp","href":"https:\/\/api.w.org\/{rel}","templated":true}]}}