{"id":4268,"date":"2020-04-13T21:45:45","date_gmt":"2020-04-13T19:45:45","guid":{"rendered":"http:\/\/robertopla.net\/blog\/?p=4268"},"modified":"2020-10-19T00:18:23","modified_gmt":"2020-10-18T22:18:23","slug":"fiesta-de-cumpleanos","status":"publish","type":"post","link":"https:\/\/robertopla.net\/blog\/fiesta-de-cumpleanos.htm","title":{"rendered":"Fiesta de Cumplea\u00f1os"},"content":{"rendered":"<p><a href=\"http:\/\/robertopla.net\/blog\/wp-content\/uploads\/2020\/04\/tarta62.jpg\"><img loading=\"lazy\" decoding=\"async\" class=\"aligncenter wp-image-4269\" src=\"http:\/\/robertopla.net\/blog\/wp-content\/uploads\/2020\/04\/tarta62.jpg\" alt=\"\" width=\"500\" height=\"500\" srcset=\"https:\/\/robertopla.net\/blog\/wp-content\/uploads\/2020\/04\/tarta62.jpg 800w, https:\/\/robertopla.net\/blog\/wp-content\/uploads\/2020\/04\/tarta62-300x300.jpg 300w, https:\/\/robertopla.net\/blog\/wp-content\/uploads\/2020\/04\/tarta62-150x150.jpg 150w, https:\/\/robertopla.net\/blog\/wp-content\/uploads\/2020\/04\/tarta62-768x768.jpg 768w\" sizes=\"auto, (max-width: 500px) 100vw, 500px\" \/><\/a><\/p>\n<p>Pues si, hoy es mi cumplea\u00f1os. No es que naciera el d\u00eda de la mona, o lunes de Pascua, sino el d\u00eda de San Hermenegildo, patr\u00f3n de los veteranos de las FAS.<br \/>\nLo hemos celebrado en casa con este pedazo tarta que ha hecho @zeditas que pondr\u00e1 <a href=\"https:\/\/rezeditas.blogspot.com\/2020\/04\/tarta-cubierta-de-chocolate-espejo.html\">la receta en su cuenta<\/a> y que estaba buen\u00edsima, yo creo que la mejor de las muchas que ha hecho en su vida, que son muchas. Pasar el confinamiento con ella es un regalo estupendo, y un peligro para m\u00ed estilismo, que avanza inexorablemente hacia pesos inadmisibles.<br \/>\nLa fiesta ha sido estupenda, ha venido pr\u00e1cticamente toda la familia y algunos amigos, &#8230;por videoconferencia. Ha sido un peque\u00f1o caos, pero muy divertido, he soplado las velas, me han cantado el cumplea\u00f1os feliz y me he zampado el trozo que falta en la tarta delante de ellos.<br \/>\nUna bendici\u00f3n de familia y amigos: gracias por estar ah\u00ed. Tambi\u00e9n a los que por razones \u00abt\u00e9cnicas\u00bb no han podido llegar. Un abrazo a todos. Seguimos para Bingo<\/p>\n","protected":false},"excerpt":{"rendered":"<p>Pues si, hoy es mi cumplea\u00f1os. Y lo he celebrado con una fiesta virtual. <a href=\"https:\/\/robertopla.net\/blog\/fiesta-de-cumpleanos.htm\">Sigue leyendo <span class=\"meta-nav\">&rarr;<\/span><\/a><\/p>\n","protected":false},"author":1,"featured_media":0,"comment_status":"open","ping_status":"open","sticky":false,"template":"","format":"standard","meta":{"footnotes":""},"categories":[8],"tags":[24,492,493,128,491,130,275],"class_list":["post-4268","post","type-post","status-publish","format-standard","hentry","category-omblogo","tag-amigos","tag-covid19","tag-cumple","tag-familia","tag-fiesta","tag-figueres","tag-personal"],"_links":{"self":[{"href":"https:\/\/robertopla.net\/blog\/wp-json\/wp\/v2\/posts\/4268","targetHints":{"allow":["GET"]}}],"collection":[{"href":"https:\/\/robertopla.net\/blog\/wp-json\/wp\/v2\/posts"}],"about":[{"href":"https:\/\/robertopla.net\/blog\/wp-json\/wp\/v2\/types\/post"}],"author":[{"embeddable":true,"href":"https:\/\/robertopla.net\/blog\/wp-json\/wp\/v2\/users\/1"}],"replies":[{"embeddable":true,"href":"https:\/\/robertopla.net\/blog\/wp-json\/wp\/v2\/comments?post=4268"}],"version-history":[{"count":3,"href":"https:\/\/robertopla.net\/blog\/wp-json\/wp\/v2\/posts\/4268\/revisions"}],"predecessor-version":[{"id":4471,"href":"https:\/\/robertopla.net\/blog\/wp-json\/wp\/v2\/posts\/4268\/revisions\/4471"}],"wp:attachment":[{"href":"https:\/\/robertopla.net\/blog\/wp-json\/wp\/v2\/media?parent=4268"}],"wp:term":[{"taxonomy":"category","embeddable":true,"href":"https:\/\/robertopla.net\/blog\/wp-json\/wp\/v2\/categories?post=4268"},{"taxonomy":"post_tag","embeddable":true,"href":"https:\/\/robertopla.net\/blog\/wp-json\/wp\/v2\/tags?post=4268"}],"curies":[{"name":"wp","href":"https:\/\/api.w.org\/{rel}","templated":true}]}}