{"id":433,"date":"2008-07-09T23:16:44","date_gmt":"2008-07-09T21:16:44","guid":{"rendered":"http:\/\/robertopla.net\/blog\/camion-bucanero.htm"},"modified":"2008-07-09T23:16:44","modified_gmt":"2008-07-09T21:16:44","slug":"camion-bucanero","status":"publish","type":"post","link":"https:\/\/robertopla.net\/blog\/camion-bucanero.htm","title":{"rendered":"Cami\u00f3n Bucanero"},"content":{"rendered":"<p>Ya he comentado <a href=\"http:\/\/robertopla.net\/blog\/mensaje-confuso.htm\">en alguna ocasi\u00f3n<\/a> las sorpresas que se lleva uno circulando por las carreteras de l&#8217;Empord\u00e0 a primeras horas de la ma\u00f1ana y como la realidad se entremezcla con la enso\u00f1aci\u00f3n y produce extra\u00f1as pseudo-alucinaciones. Quiz\u00e1s se trata del mismo fen\u00f3meno que el maestro <a href=\"http:\/\/es.wikipedia.org\/wiki\/Dal%C3%AD\">Dal\u00ed<\/a> describ\u00eda como fuente de inspiraci\u00f3n de su \u00absurrealismo paranoico\u00bb y otros simplemente aseguran que se trata del \u00abtoque de la tramontana\u00bb, algo que en catal\u00e1n tiene mucho m\u00e1s sentido pues estar &#8216;tocat de l&#8217;ala&#8217; es estar trastornado y &#8216;tocat per la tramuntana&#8217; es ese estado de alucinaci\u00f3n ocurrente, original y frecuentemente pr\u00f3xima a la genialidad -siento que el honor a la verdad me haga parecer inmodesto- en que suelen encontrarse los habitantes de esta tierra que entre el mar y la monta\u00f1a dicen que es hija de un pastor y una sirena.<\/p>\n<p>De nuevo columpi\u00e1ndome en el fino hilo que separa la consciencia del sue\u00f1o y del que surgen muchas ideas, la visi\u00f3n de un ca\u00f1\u00f3n de cuento de piratas me ha inspirado un torrente de preguntas: \u00bfque era aquello? -un ca\u00f1\u00f3n, sin duda, no so\u00f1aba- \u00bfA donde iba ese cami\u00f3n con el ca\u00f1\u00f3n?, \u00bfFuncionar\u00eda de verdad?, \u00a1Que gozada! Ya ve\u00eda la plataforma del radar abaluartada y guarnecida por piezas de a ocho avanzando por la Bah\u00eda mientras la Tramontana infla la vela&#8230;<\/p>\n<div style=\"text-align:center;\">\n<p><a href=\"http:\/\/www.flickr.com\/photos\/fotero\/2654541523\/\"><img decoding=\"async\" src=\"http:\/\/farm4.static.flickr.com\/3028\/2654541523_3cd46bb981.jpg\" style=\"border:none;width:450px;height:375px;\" alt=\"Cami\u00f3n Bucanero\"  title=\"Cami\u00f3n Bucanero\"\/><\/a><\/p>\n<\/div>\n<p>Un cami\u00f3n Bucanero. Sin duda se trataba de un cami\u00f3n bucanero que por las peligrosas carreteras pr\u00f3ximas a mares c\u00e1lidos aborda los autobuses de turistas para desvalijar a los orondos ricos n\u00f3rdicos, cargados de joyas, oro y reproductores de MP3 para repartir el bot\u00edn entre los desheredados de la fortuna, arrojados a las playas de Europa desde las pateras del hambre la miseria y la desesperaci\u00f3n.<\/p>\n<p>La c\u00e1mara. Llevo aqui detr\u00e1s la c\u00e1mara y tengo que hacerle una foto, porque esto no se lo cree nadie.<\/p>\n<p>M\u00e1s tarde me ha comentado Jaume Santal\u00f3, t\u00e9cnico de cultura del ayuntamiento de Roses que el ca\u00f1\u00f3n puede ser el que utilizan los <a href=\"http:\/\/www.rosesdigital.com\/miquelets\/general.asp\">\u00abMiquelets\u00bb de Roses<\/a> en sus actuaciones, m\u00e1s exactamente su secci\u00f3n \u00abArtillera\u00bb y casi \u00abmotorizada\u00bb dir\u00eda yo.<\/p>\n","protected":false},"excerpt":{"rendered":"<p>Ya he comentado en alguna ocasi\u00f3n las sorpresas que se lleva uno circulando por las carreteras de l&#8217;Empord\u00e0 a primeras horas de la ma\u00f1ana y como la realidad se entremezcla con la enso\u00f1aci\u00f3n y produce extra\u00f1as pseudo-alucinaciones. Quiz\u00e1s se trata &hellip; <a href=\"https:\/\/robertopla.net\/blog\/camion-bucanero.htm\">Sigue leyendo <span class=\"meta-nav\">&rarr;<\/span><\/a><\/p>\n","protected":false},"author":1,"featured_media":0,"comment_status":"open","ping_status":"open","sticky":false,"template":"","format":"standard","meta":{"footnotes":""},"categories":[5],"tags":[],"class_list":["post-433","post","type-post","status-publish","format-standard","hentry","category-fugaces"],"_links":{"self":[{"href":"https:\/\/robertopla.net\/blog\/wp-json\/wp\/v2\/posts\/433","targetHints":{"allow":["GET"]}}],"collection":[{"href":"https:\/\/robertopla.net\/blog\/wp-json\/wp\/v2\/posts"}],"about":[{"href":"https:\/\/robertopla.net\/blog\/wp-json\/wp\/v2\/types\/post"}],"author":[{"embeddable":true,"href":"https:\/\/robertopla.net\/blog\/wp-json\/wp\/v2\/users\/1"}],"replies":[{"embeddable":true,"href":"https:\/\/robertopla.net\/blog\/wp-json\/wp\/v2\/comments?post=433"}],"version-history":[{"count":0,"href":"https:\/\/robertopla.net\/blog\/wp-json\/wp\/v2\/posts\/433\/revisions"}],"wp:attachment":[{"href":"https:\/\/robertopla.net\/blog\/wp-json\/wp\/v2\/media?parent=433"}],"wp:term":[{"taxonomy":"category","embeddable":true,"href":"https:\/\/robertopla.net\/blog\/wp-json\/wp\/v2\/categories?post=433"},{"taxonomy":"post_tag","embeddable":true,"href":"https:\/\/robertopla.net\/blog\/wp-json\/wp\/v2\/tags?post=433"}],"curies":[{"name":"wp","href":"https:\/\/api.w.org\/{rel}","templated":true}]}}