{"id":4455,"date":"2020-10-13T14:24:42","date_gmt":"2020-10-13T12:24:42","guid":{"rendered":"https:\/\/robertopla.net\/blog\/?p=4455"},"modified":"2020-10-13T18:11:53","modified_gmt":"2020-10-13T16:11:53","slug":"leontodon","status":"publish","type":"post","link":"https:\/\/robertopla.net\/blog\/leontodon.htm","title":{"rendered":"Inc\u00f3gnita bot\u00e1nica oto\u00f1al"},"content":{"rendered":"<p>Despu\u00e9s de unos d\u00edas en que las temperaturas han bajado como si el oto\u00f1o decidiera apoderarse de una vez del clima y de haber disfrutado ya de las primeras lluvias oto\u00f1ales, hoy, el amanecer nuboso ha dado paso a una ma\u00f1ana de sol radiante, que hace brillar las florecillas amarillas que cubren el c\u00e9sped de mi jard\u00edn.<br \/>\n\u00bfFlorecillas?. Se dir\u00eda que est\u00e1 es una estampa m\u00e1s primaveral que oto\u00f1al y su aparici\u00f3n me ha sorprendido. \u00bfSer\u00e1 cuesti\u00f3n del cambio clim\u00e1tico? \u00bfMi jard\u00edn cree que llega de nuevo la primavera? \u00bfSon estas flores propias de la \u00e9poca?.<\/p>\n<p style=\"text-align: center;\"><a href=\"https:\/\/www.flickr.com\/photos\/fotero\/50468862578\/\"><img decoding=\"async\" style=\"border: none; width: 240px; height: 240;\" title=\"Flores en el jardin\" src=\"https:\/\/robertopla.net\/blog\/wp-content\/uploads\/2020\/10\/Leontodon02.jpg\" alt=\"Flores en el jardin\" \/><\/a>\u00a0 \u00a0 \u00a0<a href=\"https:\/\/www.flickr.com\/photos\/fotero\/50468874993\/\"><img decoding=\"async\" style=\"border: none; width: 240px; height: 240;\" title=\"Leontodon\" src=\"https:\/\/robertopla.net\/blog\/wp-content\/uploads\/2020\/10\/Leontodon01.jpg\" alt=\"Leontodon\" \/><\/a><\/p>\n<p>Hoy no merece la pena quedarse con dudas. Unas cuantas fotos en detalle y se las muestro a <a href=\"https:\/\/lens.google.com\/\">Google Lens<\/a>, que me dice que esta florecilla que ha inundado mi jard\u00edn es alg\u00fan tipo de <a href=\"https:\/\/es.wikipedia.org\/wiki\/Leontodon\">Leontodon<\/a>, que quiere decir \u00abdiente de le\u00f3n\u00bb, por la forma dentada de sus p\u00e9talos. Como hay <a href=\"https:\/\/es.wikipedia.org\/wiki\/Anexo:Especies_de_Leontodon\">cuatrocientas especies descritas<\/a> aunque solo 80 aceptadas, es dif\u00edcil precisar cu\u00e1l de ellas es sin ser un experto bot\u00e1nico.<br \/>\nGoogle Lens aventura que pueda ser una <a href=\"https:\/\/floradegalicia.wordpress.com\/2019\/07\/25\/leontodon-saxatilis\/\">Leontodon Saxatilis<\/a>, pero seg\u00fan un <a href=\"https:\/\/1lib.eu\/book\/1260415\/956555?regionChanged=&amp;redirect=7490393\">libro de bot\u00e1nica<\/a>, que me he bajado gratuitamente (95 Mb.) solo para averiguar esto, la \u00e9poca de floraci\u00f3n y el dibujo de las hojas corresponder\u00eda m\u00e1s con una <a href=\"http:\/\/www.floracatalana.net\/leontodon-tuberosus-l-\">Leontodon Tuberosus<\/a> o <a href=\"https:\/\/www.floravascular.com\/index.php?spp=Leontodon%20tingitanus\">Leontodon Tingitanus<\/a>, cuya \u00e9poca de floraci\u00f3n coincide tambi\u00e9n, de forma m\u00e1s aproximada con estas fechas oto\u00f1ales.<\/p>\n","protected":false},"excerpt":{"rendered":"<p>A pesar de que estamos en octubre,  unas florecillas amarillas que cubren el c\u00e9sped de mi jard\u00edn. <a href=\"https:\/\/robertopla.net\/blog\/leontodon.htm\">Sigue leyendo <span class=\"meta-nav\">&rarr;<\/span><\/a><\/p>\n","protected":false},"author":1,"featured_media":4457,"comment_status":"open","ping_status":"open","sticky":false,"template":"","format":"standard","meta":{"footnotes":""},"categories":[8],"tags":[57,130,507,188,506],"class_list":["post-4455","post","type-post","status-publish","format-standard","has-post-thumbnail","hentry","category-omblogo","tag-casa","tag-figueres","tag-flores","tag-jardin","tag-plantas"],"_links":{"self":[{"href":"https:\/\/robertopla.net\/blog\/wp-json\/wp\/v2\/posts\/4455","targetHints":{"allow":["GET"]}}],"collection":[{"href":"https:\/\/robertopla.net\/blog\/wp-json\/wp\/v2\/posts"}],"about":[{"href":"https:\/\/robertopla.net\/blog\/wp-json\/wp\/v2\/types\/post"}],"author":[{"embeddable":true,"href":"https:\/\/robertopla.net\/blog\/wp-json\/wp\/v2\/users\/1"}],"replies":[{"embeddable":true,"href":"https:\/\/robertopla.net\/blog\/wp-json\/wp\/v2\/comments?post=4455"}],"version-history":[{"count":3,"href":"https:\/\/robertopla.net\/blog\/wp-json\/wp\/v2\/posts\/4455\/revisions"}],"predecessor-version":[{"id":4460,"href":"https:\/\/robertopla.net\/blog\/wp-json\/wp\/v2\/posts\/4455\/revisions\/4460"}],"wp:featuredmedia":[{"embeddable":true,"href":"https:\/\/robertopla.net\/blog\/wp-json\/wp\/v2\/media\/4457"}],"wp:attachment":[{"href":"https:\/\/robertopla.net\/blog\/wp-json\/wp\/v2\/media?parent=4455"}],"wp:term":[{"taxonomy":"category","embeddable":true,"href":"https:\/\/robertopla.net\/blog\/wp-json\/wp\/v2\/categories?post=4455"},{"taxonomy":"post_tag","embeddable":true,"href":"https:\/\/robertopla.net\/blog\/wp-json\/wp\/v2\/tags?post=4455"}],"curies":[{"name":"wp","href":"https:\/\/api.w.org\/{rel}","templated":true}]}}