{"id":4461,"date":"2020-10-14T11:00:39","date_gmt":"2020-10-14T09:00:39","guid":{"rendered":"https:\/\/robertopla.net\/blog\/?p=4461"},"modified":"2022-01-11T00:55:25","modified_gmt":"2022-01-10T23:55:25","slug":"recuperemos-la-ilusion","status":"publish","type":"post","link":"https:\/\/robertopla.net\/blog\/recuperemos-la-ilusion.htm","title":{"rendered":"Recuperemos la ilusi\u00f3n"},"content":{"rendered":"<p>Nos hablan de federalismo como un marco superador de las aspiraciones independentistas que propicie un mayor autogobierno en un marco de cohesi\u00f3n. Se ignoran, de forma consciente o inconsciente varias cuestiones importantes. <a href=\"https:\/\/twitter.com\/rpla\/status\/1315202054491721729\">(1\/11)<\/a><br \/>\nLa primera que el problema del independentismo no son las cotas de autogobierno sino las de corrupci\u00f3n y falta de respeto a las normas a cualquier nivel, con un desprecio claro de los valores republicanos. <a href=\"https:\/\/twitter.com\/rpla\/status\/1315202055687081984\">(2\/11)<\/a><br \/>\nLa segunda, que los estados federales con consideraci\u00f3n de democracias plenas que conocemos disfrutan de menores cotas de autogobierno que nuestro estado auton\u00f3mico y respetan escrupulosamente el arbitraje de la ley en sus diferencias con el poder central.<a href=\"https:\/\/twitter.com\/rpla\/status\/1315202056911716359\">(3\/11)<\/a><br \/>\n<img loading=\"lazy\" decoding=\"async\" class=\" wp-image-4464 alignleft\" src=\"https:\/\/robertopla.net\/blog\/wp-content\/uploads\/2020\/10\/esp_cat-300x282.png\" alt=\"\" width=\"188\" height=\"177\" srcset=\"https:\/\/robertopla.net\/blog\/wp-content\/uploads\/2020\/10\/esp_cat-300x282.png 300w, https:\/\/robertopla.net\/blog\/wp-content\/uploads\/2020\/10\/esp_cat.png 489w\" sizes=\"auto, (max-width: 188px) 100vw, 188px\" \/>La tercera es que lejos de admitir el derecho de secesi\u00f3n, alguna de estas federaciones est\u00e1n basadas en la fuerza de una guerra con la que se impuso la uni\u00f3n a algunos estados d\u00edscolos.<a href=\"https:\/\/twitter.com\/rpla\/status\/1315202058111377408\">(4\/11)<\/a><br \/>\nLa cuarta es que a pesar de tanta \u00abmemoria\u00bb, algunos olvidan la historia. Como la paz obtenida en la transici\u00f3n les parece una imposici\u00f3n, proponen caminar hacia otra guerra civil, como las carlistas del XIX, o como la nefasta del 36. Cerrilismo partidista, violento e irracional.<a href=\"https:\/\/twitter.com\/rpla\/status\/1315202059399028736\">(5\/11)<\/a><br \/>\nLa quinta, que las grandes reformas requieren medios. Las peque\u00f1as, tambi\u00e9n. Y en medio de una emergencia sanitaria, la grave crisis econ\u00f3mica apareadas y los problemas heredados de a\u00f1os de inacci\u00f3n, no abundan los recursos.<a href=\"https:\/\/twitter.com\/rpla\/status\/1315202060724428807\">(6\/11)<\/a><br \/>\nBasta ya de mentiras. Estamos con el agua al cuello y los cuentos de hadas no son soluci\u00f3n. Hay que trabajar duro, crear riqueza para poder repartirla y dejar de comportarnos como ricos caprichosos, ego\u00edstas e insolidarios.<a href=\"https:\/\/twitter.com\/rpla\/status\/1315202061961760768\">(7\/11)<\/a><br \/>\nEl populismo crece abonado por las mentiras y las injusticias. Hay que decir la verdad de la situaci\u00f3n, respetar la ley y al oponente pol\u00edtico. Hay que mejorar la democracia, no rebozarla por la mierda. Hay que colaborar con el adversario.<a href=\"https:\/\/twitter.com\/rpla\/status\/1315202063253602305\">(8\/11)<\/a><br \/>\nNo podemos esperar que nos respeten si no nos respetamos. No podemos esperar que nos admitan en una comunidad si no hemos respetado las normas de la que hoy nos acoge. Los vagos, alborotadores y mentirosos no son bienvenidos en ning\u00fan sitio.<a href=\"https:\/\/twitter.com\/rpla\/status\/1315202066537746432\">(9\/11)<\/a><br \/>\nLa educaci\u00f3n es la base del futuro. En la escuela hay que ense\u00f1ar ciencia y humanidades pero tambi\u00e9n criterio, l\u00f3gica, \u00e9tica, valores y moral c\u00edvica. Sin ciudadanos capacitados para convivir, jam\u00e1s tendremos una comunidad justa y pr\u00f3spera. Un solo plan de estudios.<a href=\"https:\/\/twitter.com\/rpla\/status\/1315202067741519872\">(10\/11)<\/a><br \/>\nMiremos a los que lo hacen mejor que nosotros y tratemos de imitarles. Busquemos gestores capacitados y pong\u00e1mosles al frente. Escuchemos a los que opinan diferente y lleguemos a acuerdos, votemos a los mejores y no a \u00ablos nuestros\u00bb. Recuperemos la ilusi\u00f3n.<a href=\"https:\/\/twitter.com\/rpla\/status\/1315202068928438273\">(11\/11)<\/a><\/p>\n<p><img loading=\"lazy\" decoding=\"async\" class=\"alignleft wp-image-4263\" src=\"http:\/\/robertopla.net\/blog\/wp-content\/uploads\/2020\/04\/twitter-300x300.png\" alt=\"Twiter\" width=\"120\" height=\"120\" srcset=\"https:\/\/robertopla.net\/blog\/wp-content\/uploads\/2020\/04\/twitter-300x300.png 300w, https:\/\/robertopla.net\/blog\/wp-content\/uploads\/2020\/04\/twitter-150x150.png 150w, https:\/\/robertopla.net\/blog\/wp-content\/uploads\/2020\/04\/twitter.png 310w\" sizes=\"auto, (max-width: 120px) 100vw, 120px\" \/>Este texto se public\u00f3 por primera vez en mi cuenta de twitter (<a href=\"https:\/\/twitter.com\/rpla\">@rpla<\/a>)como un hilo. El texto no ha sido editado. Puede que algunos de los p\u00e1rrrafos sobrepasen el n\u00famero de caracteres permitidos porque los par\u00e9ntesis con la numeraci\u00f3n no forman parte de los mensajes originales.<\/p>\n","protected":false},"excerpt":{"rendered":"<p>Nos hablan de federalismo como un marco superador de las aspiraciones independentistas que propicie un mayor autogobierno en un marco de cohesi\u00f3n. Se ignoran, de forma consciente o inconsciente varias cuestiones importantes. (1\/11) La primera que el problema del independentismo &hellip; <a href=\"https:\/\/robertopla.net\/blog\/recuperemos-la-ilusion.htm\">Sigue leyendo <span class=\"meta-nav\">&rarr;<\/span><\/a><\/p>\n","protected":false},"author":1,"featured_media":0,"comment_status":"open","ping_status":"open","sticky":false,"template":"","format":"standard","meta":{"footnotes":""},"categories":[5],"tags":[60,65,104,120,131,174,282,297,343],"class_list":["post-4461","post","type-post","status-publish","format-standard","hentry","category-fugaces","tag-catalunya","tag-civismo","tag-educacion","tag-espana","tag-filosofia","tag-ideas","tag-politica","tag-redes-sociales","tag-twitter"],"_links":{"self":[{"href":"https:\/\/robertopla.net\/blog\/wp-json\/wp\/v2\/posts\/4461","targetHints":{"allow":["GET"]}}],"collection":[{"href":"https:\/\/robertopla.net\/blog\/wp-json\/wp\/v2\/posts"}],"about":[{"href":"https:\/\/robertopla.net\/blog\/wp-json\/wp\/v2\/types\/post"}],"author":[{"embeddable":true,"href":"https:\/\/robertopla.net\/blog\/wp-json\/wp\/v2\/users\/1"}],"replies":[{"embeddable":true,"href":"https:\/\/robertopla.net\/blog\/wp-json\/wp\/v2\/comments?post=4461"}],"version-history":[{"count":5,"href":"https:\/\/robertopla.net\/blog\/wp-json\/wp\/v2\/posts\/4461\/revisions"}],"predecessor-version":[{"id":4677,"href":"https:\/\/robertopla.net\/blog\/wp-json\/wp\/v2\/posts\/4461\/revisions\/4677"}],"wp:attachment":[{"href":"https:\/\/robertopla.net\/blog\/wp-json\/wp\/v2\/media?parent=4461"}],"wp:term":[{"taxonomy":"category","embeddable":true,"href":"https:\/\/robertopla.net\/blog\/wp-json\/wp\/v2\/categories?post=4461"},{"taxonomy":"post_tag","embeddable":true,"href":"https:\/\/robertopla.net\/blog\/wp-json\/wp\/v2\/tags?post=4461"}],"curies":[{"name":"wp","href":"https:\/\/api.w.org\/{rel}","templated":true}]}}