{"id":4732,"date":"2022-07-10T21:19:24","date_gmt":"2022-07-10T19:19:24","guid":{"rendered":"https:\/\/robertopla.net\/blog\/?p=4732"},"modified":"2022-07-10T21:19:24","modified_gmt":"2022-07-10T19:19:24","slug":"el-sello-de-la-leona","status":"publish","type":"post","link":"https:\/\/robertopla.net\/blog\/el-sello-de-la-leona.htm","title":{"rendered":"El sello de la Leona"},"content":{"rendered":"<p>A los Urban Sketchers nos gustan los sellos. Seguramente esta no es una afirmaci\u00f3n universal, pero si una generalizaci\u00f3n bastante aceptable.<br \/>\nEs algo que tiene que ver con los cuadernos. Naturalmente que hay quien dibuja en un papel sobre un tablero. Yo mismo lo he hecho algunas veces, pero para dibujar \u00ab<em>in situ<\/em>\u00ab, y sobre todo, para estar preparado para dibujar en cualquier ocasi\u00f3n, un cuaderno es algo casi imprescindible. El cuaderno es nuestro compa\u00f1ero de viaje, que nos permite levantar testimonio de los sitios que visitamos y de las escenas que presenciamos, como dice nuestro <a href=\"https:\/\/urbansketchers.org\/es\/who-we-are\/\" target=\"_blank\" rel=\"noopener\">manifiesto<\/a>.<br \/>\nAlgunos ven su cuaderno como un soporte para sus bocetos, pero otros vemos en \u00e9l\u00a0algo m\u00e1s parecido al cuaderno de viaje cl\u00e1sico, bit\u00e1cora y registro de los paisajes que nos han inspirado con anotaciones para recordar los nombres de los lugares visitados, de las personas que hemos retratado o algo de la historia que hemos aprendido.<br \/>\nEn ese esp\u00edritu de viajero y peregrino, explorador, descubridor y por qu\u00e9 no decirlo, de conquistador de experiencias y sensaciones, los trofeos son algo importante. Sin llegar a convertir mi cuaderno en un \u00e1lbum de recuerdos, me gusta a\u00f1adir detalles como una servilleta de un bar con su logotipo, la tarjeta del restaurante, un billete de autob\u00fas o el tiquet de una compra.\u00a0 Y naturalmente si el local, negocio, museo o entidad en la que dibujamos tiene un sello de goma con su logotipo, su nombre o direcci\u00f3n, a\u00f1adirlo al dibujo es como un certificado que de ese dibujo fue realizado en aquel lugar y lo convierte en un recuerdo valioso.<br \/>\nAdem\u00e1s de estos sellos que vamos pidiendo que nos estampen en las p\u00e1ginas de nuestra bit\u00e1cora a los asombrados lugare\u00f1os, otros dibujantes tienen sus propios sellos que utilizan a modo de firma, para estampar la fecha o simplemente como adorno. No s\u00e9 si lo he comentado ya, pero seguramente a estas alturas ya es evidente que yo soy uno de esos amantes de las im\u00e1genes estampadas con sellos de goma. Adem\u00e1s de eso, me gusta dise\u00f1ar y a ser posible hacer <a href=\"https:\/\/robertopla.net\/blog\/sello-personal.htm\">mis propios sellos<\/a>. Si no requiere mucho detalle, es f\u00e1cil usar la goma que hoy en d\u00eda sustituye al lin\u00f3leo en los grabados escolares para tallar un sello, pero si el tama\u00f1o o el detalle lo requiere, acudo a un establecimiento comercial para que lo fabriquen.<\/p>\n<p><a href=\"https:\/\/www.flickr.com\/photos\/fotero\/52036823916\/\"><img decoding=\"async\" style=\"margin: 8px 8px 8px 0px; float: left; width: 150px; height: 150px;\" title=\"grabado\" src=\"https:\/\/robertopla.net\/blog\/wp-content\/uploads\/2022\/05\/sello_rama.jpg\" alt=\"grabado\" \/><\/a> El caso es que hab\u00eda hecho varios sellos conmemorativos de reuniones de los urban sketchers de Gerona: una hoja de\u00a0higuera para una reuni\u00f3n en Figueres, una barca de vela latina para la reuni\u00f3n en Cadaqu\u00e9s&#8230; y otros sellos peque\u00f1os para pruebas y uso propio. Y cuando se anunci\u00f3 que el quinto encuentro de los Urban Sketchers de Catalu\u00f1a ser\u00eda este a\u00f1o en Gerona, pens\u00e9 que estar\u00eda bien contar con un sello conmemorativo.<\/p>\n<p>Como la organizaci\u00f3n no contaba con ning\u00fan tipo de presupuesto y todo se ha realizado a trav\u00e9s del trabajo voluntario de los organizadores y las aportaciones, b\u00e1sicamente en material de los patrocinadores, me compromet\u00ed a dise\u00f1ar y fabricar el sello, asumiendo los gastos que conllevase.<\/p>\n<p><a href=\"https:\/\/es.wikipedia.org\/wiki\/Archivo:La_lleona_Girona.jpg\"><img loading=\"lazy\" decoding=\"async\" class=\"alignleft wp-image-4747 \" style=\"font-size: 16px;\" src=\"https:\/\/robertopla.net\/blog\/wp-content\/uploads\/2022\/07\/450px-La_lleona_Girona-225x300.jpg\" alt=\"La leona\" width=\"186\" height=\"248\" srcset=\"https:\/\/robertopla.net\/blog\/wp-content\/uploads\/2022\/07\/450px-La_lleona_Girona-225x300.jpg 225w, https:\/\/robertopla.net\/blog\/wp-content\/uploads\/2022\/07\/450px-La_lleona_Girona.jpg 450w\" sizes=\"auto, (max-width: 186px) 100vw, 186px\" \/><\/a> Tuve muy pronto claro que el s\u00edmbolo adecuado para el sello deb\u00eda ser <a href=\"https:\/\/es.wikipedia.org\/wiki\/Culo_de_la_leona\" target=\"_blank\" rel=\"noopener\">la leona<\/a>.<br \/>\nUna leona que como casi todo el mundo sabe, al menos en Gerona, no es una leona, sino un le\u00f3n, algo f\u00e1cilmente deducible porque tiene melena.\u00a0 El original se encuentra en el museo de Arte de Gerona, y la copia de esta escultura del siglo XII es la que est\u00e1 situada en la calle Calderers, a los pies de la escalera de la iglesia de San F\u00e9lix.\u00a0 Se dice que la tradici\u00f3n de besar el culo a la Leona empez\u00f3 cuando algunos gerundenses abandonaban la ciudad y lo hac\u00edan para mostrar su cari\u00f1o y deseo de retornar a la misma. Hoy en d\u00eda es <a href=\"https:\/\/www.quimics.com\/es\/gerona-la-leyenda-de-la-lleona-amuleto\/\">un atractivo<\/a> y un ritual para los turistas que visitan Gerona, aunque las escaleras que estuvieron en el lugar durante bastante tiempo han sido retiradas, probablemente para no fomentar gestos poco as\u00e9pticos en tiempos de pandemia.<\/p>\n<p style=\"text-align: center;\"><a href=\"https:\/\/www.flickr.com\/photos\/fotero\/52018915479\/\">\u00a0<img loading=\"lazy\" decoding=\"async\" src=\"https:\/\/robertopla.net\/blog\/wp-content\/uploads\/2022\/05\/52018915479_51c493f817_q-150x150.jpg\" alt=\"\" width=\"150\" height=\"150\" \/>\u00a0\u00a0\u00a0<\/a> <a href=\"https:\/\/www.flickr.com\/photos\/fotero\/52018915459\/\"><img loading=\"lazy\" decoding=\"async\" src=\"https:\/\/robertopla.net\/blog\/wp-content\/uploads\/2022\/05\/52018915459_1236802fc9_q-150x150.jpg\" alt=\"\" width=\"150\" height=\"150\" \/>\u00a0<\/a><\/p>\n<p>El caso es que la leona me pareci\u00f3 el s\u00edmbolo adecuado para el sello y empec\u00e9 a hacer algunos bocetos, bas\u00e1ndome en fotograf\u00edas y en algunos dibujos que hab\u00eda hecho in situ. A partir de estos bocetos hice un sello de goma a mano, pero me di cuenta de que tendr\u00eda que encargarlo porque lo quer\u00eda peque\u00f1o, para que no estorbase demasiado junto al dibujo que deb\u00eda acompa\u00f1ar, incluso aunque el cuaderno fuera peque\u00f1o.<\/p>\n<p><img loading=\"lazy\" decoding=\"async\" class=\" wp-image-4748 alignright\" src=\"https:\/\/robertopla.net\/blog\/wp-content\/uploads\/2022\/07\/leona500-111x300.png\" alt=\"\" width=\"90\" height=\"244\" srcset=\"https:\/\/robertopla.net\/blog\/wp-content\/uploads\/2022\/07\/leona500-111x300.png 111w, https:\/\/robertopla.net\/blog\/wp-content\/uploads\/2022\/07\/leona500.png 185w\" sizes=\"auto, (max-width: 90px) 100vw, 90px\" \/>Tambi\u00e9n hab\u00eda que incluir la fecha y alg\u00fan tipo de leyenda y la tipograf\u00eda no es f\u00e1cil de hacer a mano y que quede bien.<br \/>\nUs\u00e9 Inkscape para los dibujos definitivos. La configuraci\u00f3n\u00a0final fue elegida contando con la opini\u00f3n de mis compa\u00f1eros urbansketchers de Girona\u00a0que\u00a0decidieron\u00a0que deb\u00eda figurar la leyenda \u00abUSK-CAT\u00bb y la fecha debajo de la leona y todo enmarcado en un rect\u00e1ngulo.<\/p>\n<p>Imprim\u00ed varias copias del sello con los tama\u00f1os reales de los soportes disponibles para sellos comerciales y me pareci\u00f3 que el m\u00e1s adecuado, que se ver\u00eda claramente y ocupar\u00eda menos sitio era el de 48&#215;18 mm. y lo encargue en un comercio de Girona, que el mismo d\u00eda por la tarde lo ten\u00edan hecho.<\/p>\n<p style=\"text-align: center;\"><a href=\"https:\/\/www.flickr.com\/photos\/fotero\/52019182865\/\"><img loading=\"lazy\" decoding=\"async\" class=\"alignnone wp-image-4741 size-full\" src=\"https:\/\/robertopla.net\/blog\/wp-content\/uploads\/2022\/05\/52019181335_aa7e382d99_q.jpg\" alt=\"\" width=\"150\" height=\"150\" \/><\/a>\u00a0 <a href=\"https:\/\/www.flickr.com\/photos\/fotero\/52018706283\/\"><img loading=\"lazy\" decoding=\"async\" class=\"alignnone wp-image-4737 size-full\" src=\"https:\/\/robertopla.net\/blog\/wp-content\/uploads\/2022\/05\/52018706283_245d2ff2da_q.jpg\" alt=\"\" width=\"150\" height=\"150\" \/><\/a>\u00a0 <a href=\"https:\/\/www.flickr.com\/photos\/fotero\/52018661951\/\"><img loading=\"lazy\" decoding=\"async\" class=\"alignnone wp-image-4736 size-full\" src=\"https:\/\/robertopla.net\/blog\/wp-content\/uploads\/2022\/05\/52018661951_880dd632b1_q.jpg\" alt=\"\" width=\"150\" height=\"150\" \/><\/a><\/p>\n<p>La organizaci\u00f3n lo utiliz\u00f3 en la publicidad y promoci\u00f3n del evento en Instagram y el d\u00eda 21 estuvo a disposici\u00f3n de todos los participantes para estamparlo en sus dibujos o en donde quisieran de sus cuadernos. Es un recuerdo \u00fanico que acreditar\u00e1 la participaci\u00f3n en este evento que super\u00f3 las 500 inscripciones, lo que muestra el inter\u00e9s por el dibujo y la vitalidad del movimiento Urban sketcher.<\/p>\n<p style=\"text-align: center;\"><a href=\"https:\/\/www.instagram.com\/uskcatalunya\/\"><img loading=\"lazy\" decoding=\"async\" class=\"alignnone wp-image-4750\" src=\"https:\/\/robertopla.net\/blog\/wp-content\/uploads\/2022\/07\/ig_uskcatalunya-300x300.jpg\" alt=\"USK-Catalunya\" width=\"240\" height=\"240\" srcset=\"https:\/\/robertopla.net\/blog\/wp-content\/uploads\/2022\/07\/ig_uskcatalunya-300x300.jpg 300w, https:\/\/robertopla.net\/blog\/wp-content\/uploads\/2022\/07\/ig_uskcatalunya-150x150.jpg 150w, https:\/\/robertopla.net\/blog\/wp-content\/uploads\/2022\/07\/ig_uskcatalunya.jpg 480w\" sizes=\"auto, (max-width: 240px) 100vw, 240px\" \/><\/a> \u00a0<a href=\"https:\/\/www.instagram.com\/montsesanchizb\/\"><img loading=\"lazy\" decoding=\"async\" class=\"alignnone wp-image-4749\" src=\"https:\/\/robertopla.net\/blog\/wp-content\/uploads\/2022\/07\/ig_montsesanchizb-300x300.jpg\" alt=\"Dibujo de Montse Sanchiz\" width=\"240\" height=\"240\" srcset=\"https:\/\/robertopla.net\/blog\/wp-content\/uploads\/2022\/07\/ig_montsesanchizb-300x300.jpg 300w, https:\/\/robertopla.net\/blog\/wp-content\/uploads\/2022\/07\/ig_montsesanchizb-1024x1024.jpg 1024w, https:\/\/robertopla.net\/blog\/wp-content\/uploads\/2022\/07\/ig_montsesanchizb-150x150.jpg 150w, https:\/\/robertopla.net\/blog\/wp-content\/uploads\/2022\/07\/ig_montsesanchizb-768x768.jpg 768w, https:\/\/robertopla.net\/blog\/wp-content\/uploads\/2022\/07\/ig_montsesanchizb.jpg 1080w\" sizes=\"auto, (max-width: 240px) 100vw, 240px\" \/><\/a><\/p>\n<p>Despu\u00e9s del evento, el sello ha quedado archivado y no volver\u00e1 a usarse. \u00bfCu\u00e1ntos urban sketchers llevar\u00e1n este preciado recuerdo en sus cuadernos?. No lo s\u00e9, pero espero que disfruten al verlo y les permita revivir los buenos recuerdos de un d\u00eda fant\u00e1stico y espero tambi\u00e9n que el a\u00f1o que viene volvamos a vernos y tengamos tambi\u00e9n un sello para el evento.<\/p>\n","protected":false},"excerpt":{"rendered":"<p>La peque\u00f1a historia del sello oficial del V\u00ba Encuentro de Urban Sketchers en Girona el 21\/05\/2022 <a href=\"https:\/\/robertopla.net\/blog\/el-sello-de-la-leona.htm\">Sigue leyendo <span class=\"meta-nav\">&rarr;<\/span><\/a><\/p>\n","protected":false},"author":1,"featured_media":0,"comment_status":"open","ping_status":"open","sticky":false,"template":"","format":"standard","meta":{"footnotes":""},"categories":[383],"tags":[416,95,521,148,519,520,386],"class_list":["post-4732","post","type-post","status-publish","format-standard","hentry","category-dibujo","tag-cuaderno","tag-dibujo","tag-estampar","tag-girona","tag-sellos-de-goma","tag-urbansketchers","tag-usk"],"_links":{"self":[{"href":"https:\/\/robertopla.net\/blog\/wp-json\/wp\/v2\/posts\/4732","targetHints":{"allow":["GET"]}}],"collection":[{"href":"https:\/\/robertopla.net\/blog\/wp-json\/wp\/v2\/posts"}],"about":[{"href":"https:\/\/robertopla.net\/blog\/wp-json\/wp\/v2\/types\/post"}],"author":[{"embeddable":true,"href":"https:\/\/robertopla.net\/blog\/wp-json\/wp\/v2\/users\/1"}],"replies":[{"embeddable":true,"href":"https:\/\/robertopla.net\/blog\/wp-json\/wp\/v2\/comments?post=4732"}],"version-history":[{"count":5,"href":"https:\/\/robertopla.net\/blog\/wp-json\/wp\/v2\/posts\/4732\/revisions"}],"predecessor-version":[{"id":4751,"href":"https:\/\/robertopla.net\/blog\/wp-json\/wp\/v2\/posts\/4732\/revisions\/4751"}],"wp:attachment":[{"href":"https:\/\/robertopla.net\/blog\/wp-json\/wp\/v2\/media?parent=4732"}],"wp:term":[{"taxonomy":"category","embeddable":true,"href":"https:\/\/robertopla.net\/blog\/wp-json\/wp\/v2\/categories?post=4732"},{"taxonomy":"post_tag","embeddable":true,"href":"https:\/\/robertopla.net\/blog\/wp-json\/wp\/v2\/tags?post=4732"}],"curies":[{"name":"wp","href":"https:\/\/api.w.org\/{rel}","templated":true}]}}