{"id":4897,"date":"2023-04-03T00:52:27","date_gmt":"2023-04-02T22:52:27","guid":{"rendered":"https:\/\/robertopla.net\/blog\/?p=4897"},"modified":"2023-04-03T00:52:27","modified_gmt":"2023-04-02T22:52:27","slug":"viajes-sitios-y-mapas","status":"publish","type":"post","link":"https:\/\/robertopla.net\/blog\/viajes-sitios-y-mapas.htm","title":{"rendered":"Viajes, sitios y mapas"},"content":{"rendered":"<p>Me gusta viajar, ver sitios nuevos y me gustan los mapas. Supongo que esto \u00faltimo debido a que son una representacion gr\u00e1fica de la informacion y lo gr\u00e1fico siempre ha llamado mi atenci\u00f3n.<br \/>\nCuando <a href=\"https:\/\/twitter.com\/martindonato\">@martindonato<\/a> en Twittwer ha publicado un mapa copn las provincias de Espa\u00f1a donde hab\u00eda estado, he hecho una peque\u00f1a recapitulacion de cuales eran las que yo hab\u00eda visitado. Se me ha pasado por la cabeza aquella frase del capit\u00e1n Tan: <em>\u00abEn mis viajes por todo lo largo y lo ancho de este mundo&#8230;\u00bb<\/em>, Y, con el apunte de <a href=\"https:\/\/twitter.com\/jonipai\">@jonipai<\/a> he hecho un mapa en la web que ha sugerido, <a href=\"https:\/\/www.mapchart.net\/spain.html\">mapchart.net<\/a><br \/>\n<img loading=\"lazy\" decoding=\"async\" class=\"aligncenter size-large wp-image-4898\" src=\"https:\/\/robertopla.net\/blog\/wp-content\/uploads\/2023\/04\/Espanya_mia-1024x673.png\" alt=\"\" width=\"640\" height=\"421\" srcset=\"https:\/\/robertopla.net\/blog\/wp-content\/uploads\/2023\/04\/Espanya_mia-1024x673.png 1024w, https:\/\/robertopla.net\/blog\/wp-content\/uploads\/2023\/04\/Espanya_mia-300x197.png 300w, https:\/\/robertopla.net\/blog\/wp-content\/uploads\/2023\/04\/Espanya_mia-768x505.png 768w, https:\/\/robertopla.net\/blog\/wp-content\/uploads\/2023\/04\/Espanya_mia-1536x1009.png 1536w, https:\/\/robertopla.net\/blog\/wp-content\/uploads\/2023\/04\/Espanya_mia-2048x1346.png 2048w\" sizes=\"auto, (max-width: 640px) 100vw, 640px\" \/><br \/>\nEste es el resultado. Bueno, esta es la \u00faltima versi\u00f3n del resultado, porque de entrada me he equivocado, y a pesar de haber vivido all\u00ed dos a\u00f1os, hab\u00eda puesto Granada solo en rojo como \u00abLa he visitado\u00bb. Me he dado cuenta despu\u00e9s de <a href=\"https:\/\/www.instagram.com\/p\/Cqi7TMhLvyr\/?utm_source=ig_web_copy_link\">publicarlo en Instagram<\/a>, he borrado la publicaci\u00f3n y la he vuelto a subir. \u00a1Y he vuelto a publicar la versi\u00f3n err\u00f3nea!. Es lo que tiene ser despistado. Esta vez se ha quedado sin corregir, esta de aqu\u00ed es la versi\u00f3n correcta.<\/p>\n<p>Ya puestos, he hecho tambi\u00e9n un mapa de los pa\u00edses de Europa que he visitado. Fuera de Europa solo he estado en Marruecos, Estados Unidos, y Santo Domingo.<\/p>\n<p><img loading=\"lazy\" decoding=\"async\" class=\"aligncenter size-full wp-image-4899\" src=\"https:\/\/robertopla.net\/blog\/wp-content\/uploads\/2023\/04\/Europa_mia_p.png\" alt=\"\" width=\"800\" height=\"540\" srcset=\"https:\/\/robertopla.net\/blog\/wp-content\/uploads\/2023\/04\/Europa_mia_p.png 800w, https:\/\/robertopla.net\/blog\/wp-content\/uploads\/2023\/04\/Europa_mia_p-300x203.png 300w, https:\/\/robertopla.net\/blog\/wp-content\/uploads\/2023\/04\/Europa_mia_p-768x518.png 768w\" sizes=\"auto, (max-width: 800px) 100vw, 800px\" \/><\/p>\n<p>Cuando llegamos a Figueres nos propusimos conocer los alrededores. Y fuimos haciendo excursiones. Ten\u00edamos un mapa de carreteras en el que marc\u00e1bamos los trazados realizados. Ese mapa debe estar a\u00fan poc casa, creo que hace un tiempo lo vi, probablemente en el fonfo de alguna caja. era divertido y es un bonito recuerdo.<\/p>\n<p>En cierta forma me parece algo infantil ir rellenando de colores los pa\u00edses en un mapa. Es posible que lo sea, pero \u00bfporque vamos a dejar de disfrutar de las cosas que nos hac\u00edan felices en la infancia?.<\/p>\n","protected":false},"excerpt":{"rendered":"<p>Me gusta viajar, ver sitios nuevos y me gustan los mapas. <a href=\"https:\/\/robertopla.net\/blog\/viajes-sitios-y-mapas.htm\">Sigue leyendo <span class=\"meta-nav\">&rarr;<\/span><\/a><\/p>\n","protected":false},"author":1,"featured_media":0,"comment_status":"open","ping_status":"open","sticky":false,"template":"","format":"standard","meta":{"footnotes":""},"categories":[10],"tags":[221,298,424],"class_list":["post-4897","post","type-post","status-publish","format-standard","hentry","category-viajes","tag-mapas","tag-redessociales","tag-viajes"],"_links":{"self":[{"href":"https:\/\/robertopla.net\/blog\/wp-json\/wp\/v2\/posts\/4897","targetHints":{"allow":["GET"]}}],"collection":[{"href":"https:\/\/robertopla.net\/blog\/wp-json\/wp\/v2\/posts"}],"about":[{"href":"https:\/\/robertopla.net\/blog\/wp-json\/wp\/v2\/types\/post"}],"author":[{"embeddable":true,"href":"https:\/\/robertopla.net\/blog\/wp-json\/wp\/v2\/users\/1"}],"replies":[{"embeddable":true,"href":"https:\/\/robertopla.net\/blog\/wp-json\/wp\/v2\/comments?post=4897"}],"version-history":[{"count":1,"href":"https:\/\/robertopla.net\/blog\/wp-json\/wp\/v2\/posts\/4897\/revisions"}],"predecessor-version":[{"id":4900,"href":"https:\/\/robertopla.net\/blog\/wp-json\/wp\/v2\/posts\/4897\/revisions\/4900"}],"wp:attachment":[{"href":"https:\/\/robertopla.net\/blog\/wp-json\/wp\/v2\/media?parent=4897"}],"wp:term":[{"taxonomy":"category","embeddable":true,"href":"https:\/\/robertopla.net\/blog\/wp-json\/wp\/v2\/categories?post=4897"},{"taxonomy":"post_tag","embeddable":true,"href":"https:\/\/robertopla.net\/blog\/wp-json\/wp\/v2\/tags?post=4897"}],"curies":[{"name":"wp","href":"https:\/\/api.w.org\/{rel}","templated":true}]}}