{"id":50,"date":"2006-09-11T23:38:18","date_gmt":"2006-09-11T21:38:18","guid":{"rendered":"http:\/\/robertopla.net\/blog\/nueva-librea-para-las-famet.htm"},"modified":"2006-09-11T23:38:18","modified_gmt":"2006-09-11T21:38:18","slug":"nueva-librea-famet","status":"publish","type":"post","link":"https:\/\/robertopla.net\/blog\/nueva-librea-famet.htm","title":{"rendered":"Nueva librea para las FAMET"},"content":{"rendered":"<p>En estos dias he podido ver en la <a href=\"http:\/\/es.groups.yahoo.com\/group\/helicopteros\/\" target=\"_blank\">lista de correo de Helic\u00f3pteros<\/a>, creada y moderada por Javier Ortega Figueiral una foto de Pablo Rada en la que puede apreciarse el nuevo esquema de mimetizado de los \u00abSuper Puma\u00bb de las <abbr title=\"Fuerzas Aerom\u00f3viles del Ej\u00e9rcito de Tierra\">FAMET<\/abbr>.<\/p>\n<p>Pablo Rada, de rancia estirpe aeron\u00e1utica, es un hombre entregado a su aerotrastorno en pasi\u00f3n y profesi\u00f3n y suele tenernos al d\u00eda de las novedades que salen de la factor\u00eda de Eurocopter, solo limitadas por su discreci\u00f3n profesional cuando ello es necesario. Uno, que tambien est\u00e1 obligado a la discreci\u00f3n por profesi\u00f3n, tambi\u00e9n sabe cuanto se sufre cuando se sabe algo que iria corriendo a contar al grupo de amiguetes y la profesionalidad se lo impide.<\/p>\n<p>Por suerte este no era el caso y la cuesti\u00f3n es nada m\u00e1s que un peque\u00f1o anticipo de los colores que pronto veremos en los cielos paseados por los Super Puma del Ej\u00e9rcito de Tierra. La cosa tiene un aspecto tal que este:<\/p>\n<div style=\"text-align:center;\">\n<script src=\"http:\/\/robertopla.net\/blog\/js\/libreria.js\"><\/script><\/p>\n<div style=\"text-align:center;width:400;margin-left:30;margin-right:30;\">\n<p><a href=\"javascript:popUp2('http:\/\/robertopla.net\/blog\/img\/et514_mimet.jpg','800','600')\"><img loading=\"lazy\" decoding=\"async\" src=\"http:\/\/robertopla.net\/blog\/img\/et514_mim_ico.jpg\" border=\"0\" alt=\"\" title=\"\" width=\"400\" height=\"257\" \/><\/a><br \/><small>Eurocopter AS332B-1 SuperPuma, c\/n 2256, HU.21-16, ET-514 FAMET con la nueva librea de camuflaje para este tipo de helic\u00f3pteros. Foto:&copy;Pablo Rada, 11\/09\/2006<\/small><\/p>\n<\/div>\n<\/div>\n<p>Los nuevos colores ya han suscitado los comentarios de algunos aficionados. En la <a href=\"http:\/\/es.groups.yahoo.com\/group\/aviacion_militar\/\">lista de aviaci\u00f3n militar<\/a> (moderada por Gorka Martinez) Pablo comentaba:<\/p>\n<blockquote><p>\n<em>Esta ma\u00f1ana ha salido de la cabina de pintura de Eurocopter Espa\u00f1a (antiguas instalaciones de AISA)el HU.21-16 ET-514, primero de los Super Puma en recibir el nuevo esquema de pintura nimetizada estilo \u00abTigre\u00bb.<br \/>\nPara mi gusto este esquema no es adecuado a nuestro territorio, hubiera sido mas adecuado un \u00abLagarto\u00bb similar al que llevaron los aparatos del EdA (Mirage F1, Hercules, F5&#8230;)<\/em>\n<\/p><\/blockquote>\n<p>Yo le comentaba en un mensaje privado en el que le pedia autorizaci\u00f3n para usar su foto que a mi me gusta (para gustos, los colores), pero que sobre todo encuentro muy interesante el abandono del color oscuro de los helic\u00f3pteros de las <abbr title=\"Fuerzas Aerom\u00f3viles del Ej\u00e9rcito de Tierra\">FAMET<\/abbr>, que tan dif\u00edcil hace tomar de ellos una fotograf\u00eda decente y por otra parte tampoco es el color gris <abbr title=\"Organizacion del Tratado del Atl\u00e1ntico Norte\">OTAN<\/abbr>, seguramente muy eficaz, pero aburrido de fotografiar.<\/p>\n<p>Por otra parte, dada la variedad de climas y paisajes de Espa\u00f1a, resultar\u00eda dif\u00edcil enontrar un esquema que cuadre, no solo con entornos muy alejados en nuestra patria, sino con terrenos que a veces est\u00e1n en la misma provincia.<\/p>\n<p>Por \u00faltimo estoy deseando que alg\u00fan avezado modelista haga un traslado de los colores del esquema a colores de una marca de pinturas para modelismo conocida. Si alguien conoce a un habilidoso en el tema, que no deje de present\u00e1rmelo.<\/p>\n","protected":false},"excerpt":{"rendered":"<p>En estos dias he podido ver en la lista de correo de Helic\u00f3pteros, creada y moderada por Javier Ortega Figueiral una foto de Pablo Rada en la que puede apreciarse el nuevo esquema de mimetizado de los \u00abSuper Puma\u00bb de &hellip; <a href=\"https:\/\/robertopla.net\/blog\/nueva-librea-famet.htm\">Sigue leyendo <span class=\"meta-nav\">&rarr;<\/span><\/a><\/p>\n","protected":false},"author":1,"featured_media":0,"comment_status":"open","ping_status":"open","sticky":false,"template":"","format":"standard","meta":{"footnotes":""},"categories":[2,9],"tags":[],"class_list":["post-50","post","type-post","status-publish","format-standard","hentry","category-aerotrastorno","category-rerum-militari"],"_links":{"self":[{"href":"https:\/\/robertopla.net\/blog\/wp-json\/wp\/v2\/posts\/50","targetHints":{"allow":["GET"]}}],"collection":[{"href":"https:\/\/robertopla.net\/blog\/wp-json\/wp\/v2\/posts"}],"about":[{"href":"https:\/\/robertopla.net\/blog\/wp-json\/wp\/v2\/types\/post"}],"author":[{"embeddable":true,"href":"https:\/\/robertopla.net\/blog\/wp-json\/wp\/v2\/users\/1"}],"replies":[{"embeddable":true,"href":"https:\/\/robertopla.net\/blog\/wp-json\/wp\/v2\/comments?post=50"}],"version-history":[{"count":0,"href":"https:\/\/robertopla.net\/blog\/wp-json\/wp\/v2\/posts\/50\/revisions"}],"wp:attachment":[{"href":"https:\/\/robertopla.net\/blog\/wp-json\/wp\/v2\/media?parent=50"}],"wp:term":[{"taxonomy":"category","embeddable":true,"href":"https:\/\/robertopla.net\/blog\/wp-json\/wp\/v2\/categories?post=50"},{"taxonomy":"post_tag","embeddable":true,"href":"https:\/\/robertopla.net\/blog\/wp-json\/wp\/v2\/tags?post=50"}],"curies":[{"name":"wp","href":"https:\/\/api.w.org\/{rel}","templated":true}]}}