{"id":5000,"date":"2023-10-13T18:17:52","date_gmt":"2023-10-13T16:17:52","guid":{"rendered":"https:\/\/robertopla.net\/blog\/?p=5000"},"modified":"2023-10-23T20:10:11","modified_gmt":"2023-10-23T18:10:11","slug":"iii-trobada-del-mediterrani","status":"publish","type":"post","link":"https:\/\/robertopla.net\/blog\/iii-trobada-del-mediterrani.htm","title":{"rendered":"III Trobada del Mediterrani"},"content":{"rendered":"<p><img loading=\"lazy\" decoding=\"async\" class=\"wp-image-5027 alignright\" src=\"https:\/\/robertopla.net\/blog\/wp-content\/uploads\/2023\/10\/IMG_20230924_102721-scaled.jpg\" alt=\"\" width=\"280\" height=\"498\" srcset=\"https:\/\/robertopla.net\/blog\/wp-content\/uploads\/2023\/10\/IMG_20230924_102721-scaled.jpg 1440w, https:\/\/robertopla.net\/blog\/wp-content\/uploads\/2023\/10\/IMG_20230924_102721-169x300.jpg 169w, https:\/\/robertopla.net\/blog\/wp-content\/uploads\/2023\/10\/IMG_20230924_102721-576x1024.jpg 576w, https:\/\/robertopla.net\/blog\/wp-content\/uploads\/2023\/10\/IMG_20230924_102721-768x1365.jpg 768w, https:\/\/robertopla.net\/blog\/wp-content\/uploads\/2023\/10\/IMG_20230924_102721-864x1536.jpg 864w, https:\/\/robertopla.net\/blog\/wp-content\/uploads\/2023\/10\/IMG_20230924_102721-1152x2048.jpg 1152w\" sizes=\"auto, (max-width: 280px) 100vw, 280px\" \/>El <a href=\"https:\/\/totenart.com\/noticias\/ii-trobada-usk-del-mediterrani\/\">III Encuentro del Mediterr\u00e1neo<\/a> que ha tenido lugar en Valencia los d\u00edas 23 y 24 de septiembre, organizado por los <a href=\"https:\/\/www.facebook.com\/uskval\/\">Urban Sketchers de Valencia<\/a>, ha sido un \u00e9xito de participaci\u00f3n y un evento a tener en consideraci\u00f3n en los pr\u00f3ximos a\u00f1os.<br \/>\nTodo empezaba el s\u00e1bado en la sala Grau, en la calle Mariano Cuber 17, donde la organizaci\u00f3n nos hab\u00eda convocado a las 10:30 de la ma\u00f1ana. All\u00ed deb\u00edan formarse los grupos que ir\u00edan a dibujar cada uno con uno de los seis dibujantes que encabezaban los seis grupos de dibujo organizados.<br \/>\nLa asignaci\u00f3n a los mismos se hab\u00eda elegido en el momento de la inscripci\u00f3n con dos opciones, porque las plazas se asignaban por orden de inscripci\u00f3n. Yo fui madrugador y me correspondi\u00f3 lo que hab\u00eda elegido en primer lugar, el taller con <a href=\"https:\/\/joaquindorao.com\/\">Jaoaquin Gonzalez Dorao<\/a>, los dem\u00e1s jefes de los grupos eran figuras tan atrayentes como <a href=\"https:\/\/www.instagram.com\/jgdelamontana70\/\">Juli\u00e1n Gonzalez de Monta\u00f1a<\/a>, <a href=\"https:\/\/buenavidastudio.com\/quienes-somos\/\">Raquel Herranz<\/a>, <a href=\"https:\/\/ugarte-urumo.com\">Alfredo Ugarte Urumo<\/a>, <a href=\"http:\/\/acuarelas-galarzo.blogspot.com\">Jos\u00e9 Galarzo<\/a> y <a href=\"https:\/\/www.instagram.com\/ma_marioalvarez\/\">Mario \u00c1lvarez<\/a>.<br \/>\nAll\u00ed mismo nos encontramos algunos compa\u00f1eros habituales de las reuniones de nuestro grupo de Girona, otros conocidos de Barcelona y urban skechers de Madrid, M\u00e1laga, C\u00e1ceres, Zaragoza, Pamplona y otros lugares de Espa\u00f1a y, claro, mucha gente de Valencia y Castell\u00f3n.<br \/>\nLa distribuci\u00f3n de la documentaci\u00f3n aportada por la organizaci\u00f3n y los obsequios proporcionados por los sponsors fue r\u00e1pida eficaz, mientras los que ya hab\u00edan recogido su &#8216;kit&#8217; charlaban animadamente con viejos y nuevos amigos. Despu\u00e9s de la l\u00f3gica espera para que los \u00faltimos participantes se presentaran, cada grupo parti\u00f3 hacia el lugar en el que se desarrollar\u00eda su actividad. Un voluntario de los USK de Valencia acompa\u00f1aba al grupo para servir de gu\u00eda y apoyo y en los casos previstos, facilitar el transporte. En nuestro caso, por ejemplo, hubo que tomar un tranv\u00eda cuyo importe corri\u00f3 por cuenta de la organizaci\u00f3n.<\/p>\n<p><img loading=\"lazy\" decoding=\"async\" class=\"wp-image-5028 aligncenter\" src=\"https:\/\/robertopla.net\/blog\/wp-content\/uploads\/2023\/10\/usk_20230923_JGD.jpg\" alt=\"\" width=\"580\" height=\"386\" srcset=\"https:\/\/robertopla.net\/blog\/wp-content\/uploads\/2023\/10\/usk_20230923_JGD.jpg 800w, https:\/\/robertopla.net\/blog\/wp-content\/uploads\/2023\/10\/usk_20230923_JGD-300x200.jpg 300w, https:\/\/robertopla.net\/blog\/wp-content\/uploads\/2023\/10\/usk_20230923_JGD-768x512.jpg 768w\" sizes=\"auto, (max-width: 580px) 100vw, 580px\" \/><\/p>\n<p>Los talleres no se anunciaron como talleres, la actividad se llamaba \u00abDibuja con&#8230;\u00bb me parece bien, porque puede ser en un taller tienes unas expectativas de aprendizaje que piden una atenci\u00f3n del tallerista que en los grupos un poco m\u00e1s numerosos puede ser dif\u00edcil de proporcionar. Para m\u00ed fue muy dif\u00edcil elegir a qu\u00e9 grupo quer\u00eda apuntarme, porque hubiera querido poder ir a dibujar con todos ellos. Finalmente me decid\u00ed por Joaquin Gonzalez Dorao y como fui madrugador con la inscripci\u00f3n, pude ir en su grupo.<br \/>\nHombre agradable y sencillo nos hizo sentir como aut\u00e9nticos compa\u00f1eros y atendi\u00f3 a nuestras preguntas, hizo sus sugerencias y a todos nos cont\u00f3 muchas cosas que yo al menos no sab\u00eda. Por \u00faltimo, como siempre ocurre en estos casos, difundi\u00f3 mucho arte y mucha t\u00e9cnica y aprend\u00ed unas cuantas cosas de uno de los mejores dibujante de libros de viaje.<\/p>\n<p><img loading=\"lazy\" decoding=\"async\" class=\"wp-image-5025 aligncenter\" src=\"https:\/\/robertopla.net\/blog\/wp-content\/uploads\/2023\/10\/USK_20230923_133047.jpg\" alt=\"\" width=\"590\" height=\"437\" \/><br \/>\nDespu\u00e9s de la exposici\u00f3n de los cuadernos y la foto de grupo nos fuimos a comer. Muchos de los participantes hab\u00edan reservado en el Restaurante Llevant, en el Paseo Mar\u00edtimo de la Patacona, la playa donde se realizar\u00eda la actividad de la tarde. \u00c9sta empez\u00f3 a las 17:30 y consisti\u00f3 en dibujar en la playa.<br \/>\nLa fundaci\u00f3n Sorolla nos hab\u00eda proporcionado unas pegatinas con personajes sacados de cuadros del pintor y muchos de los participantes los integraron en sus dibujos.<br \/>\nA las seis y media, con unos vales que nos hab\u00eda proporcionado la organizaci\u00f3n tomamos una horchata con \u00abfartons\u00bb. La luz, la gente y los edificios del paseo nos dieron una gloriosa tarde mediterr\u00e1nea y la foto de grupo fue su apoteosis.<\/p>\n<p><img loading=\"lazy\" decoding=\"async\" class=\"wp-image-5026 aligncenter\" src=\"https:\/\/robertopla.net\/blog\/wp-content\/uploads\/2023\/10\/usk_20230923_5473995.jpg\" alt=\"\" width=\"589\" height=\"442\" srcset=\"https:\/\/robertopla.net\/blog\/wp-content\/uploads\/2023\/10\/usk_20230923_5473995.jpg 1824w, https:\/\/robertopla.net\/blog\/wp-content\/uploads\/2023\/10\/usk_20230923_5473995-300x225.jpg 300w, https:\/\/robertopla.net\/blog\/wp-content\/uploads\/2023\/10\/usk_20230923_5473995-1024x768.jpg 1024w, https:\/\/robertopla.net\/blog\/wp-content\/uploads\/2023\/10\/usk_20230923_5473995-768x576.jpg 768w, https:\/\/robertopla.net\/blog\/wp-content\/uploads\/2023\/10\/usk_20230923_5473995-1536x1152.jpg 1536w\" sizes=\"auto, (max-width: 589px) 100vw, 589px\" \/><br \/>\nTodav\u00eda nos quedaba la ma\u00f1ana del domingo, pero creo que todos est\u00e1bamos felices, hab\u00edamos visto a muchos viejos amigos y hab\u00edamos hecho algunos nuevos: senti\u00e1mos en nuestro \u00e1nimo que la Trobada hab\u00eda triunfado y que la ma\u00f1ana del d\u00eda siguiente s\u00f3lo ser\u00eda una confirmaci\u00f3n inevitable.<br \/>\nMi mujer y yo cenamos con unos amigos en un hotel del centro. Como ellos no dibujan no s\u00e9 si supe explicarles muy bien lo que hac\u00edamos all\u00ed, pero ten\u00edamos muchas cosas que contarnos y entre una cosa y otra, cuando nos fuimos a la cama ya era domingo.<br \/>\nSin embargo, nos levantamos pronto e impacientes por invadir el centro de Valencia. Ser madrugadores nos ayud\u00f3 a encontrar un lugar en el parquing de la misma Plaza de la Reina y tener tiempo para dar un paseo por los alrededores, explorando el lugar que quer\u00eda dibujar. Me decid\u00ed por el arco que une la catedral con la Real Bas\u00edlica de Nuestra Se\u00f1ora de los Desamparados, sobre el Pasaje de Emilio Aparicio Olmos. Despu\u00e9s volv\u00ed a la plaza e hice un apunte r\u00e1pido de una procesi\u00f3n de falleras que no tengo muy claro a qu\u00e9 evento o acto se dirig\u00edan pero cuyas vistosas faldas, los colores alegres de la vestimenta y los elegantes peinados y complementos merec\u00edan ser reflejados en el cuaderno de acorde\u00f3n que estaba entre los regalos incluidos el d\u00eda anterior a la &#8216;bolsa del participante&#8217;. Us\u00e9 durante los dos d\u00edas ese cuaderno llenando por completo una de sus caras.<\/p>\n<p><img loading=\"lazy\" decoding=\"async\" class=\"alignright size-full wp-image-5029\" src=\"https:\/\/robertopla.net\/blog\/wp-content\/uploads\/2023\/10\/IMG_20230924_195022-scaled.jpg\" alt=\"\" width=\"1856\" height=\"2560\" srcset=\"https:\/\/robertopla.net\/blog\/wp-content\/uploads\/2023\/10\/IMG_20230924_195022-scaled.jpg 1856w, https:\/\/robertopla.net\/blog\/wp-content\/uploads\/2023\/10\/IMG_20230924_195022-217x300.jpg 217w, https:\/\/robertopla.net\/blog\/wp-content\/uploads\/2023\/10\/IMG_20230924_195022-742x1024.jpg 742w, https:\/\/robertopla.net\/blog\/wp-content\/uploads\/2023\/10\/IMG_20230924_195022-768x1059.jpg 768w, https:\/\/robertopla.net\/blog\/wp-content\/uploads\/2023\/10\/IMG_20230924_195022-1113x1536.jpg 1113w, https:\/\/robertopla.net\/blog\/wp-content\/uploads\/2023\/10\/IMG_20230924_195022-1485x2048.jpg 1485w\" sizes=\"auto, (max-width: 1856px) 100vw, 1856px\" \/> <img loading=\"lazy\" decoding=\"async\" class=\"alignright size-full wp-image-5030\" src=\"https:\/\/robertopla.net\/blog\/wp-content\/uploads\/2023\/10\/usk_20230924_Paterna.jpg\" alt=\"\" width=\"300\" height=\"450\" srcset=\"https:\/\/robertopla.net\/blog\/wp-content\/uploads\/2023\/10\/usk_20230924_Paterna.jpg 300w, https:\/\/robertopla.net\/blog\/wp-content\/uploads\/2023\/10\/usk_20230924_Paterna-200x300.jpg 200w\" sizes=\"auto, (max-width: 300px) 100vw, 300px\" \/><br \/>\nDespu\u00e9s de la despedida y la foto final, nos quedamos con ganas de m\u00e1s. La mayor\u00eda deb\u00eda marcharme, pero yo hice uso de mi privilegio de jubilado para disfrutar sin ninguna presi\u00f3n de mi tiempo y nos quedamos por la tarde en Paterna, evitando los atascos propios de un domingo por la tarde.<br \/>\nEn Paterna todav\u00eda encontraremos algunas cosas por dibujar, la impresionante torre de vigilancia y el barrio de \u00ablas cuevas de la torre\u00bb que le rodea. Estas casas lacustres muestran en la superficie sus originales chimeneas, formando un paisaje peculiar y de gran belleza.<br \/>\nAl d\u00eda siguiente, lunes, con tranquilidad y algo de a\u00f1oranza de las horas vividas volver\u00edamos a Figueres.<\/p>\n<p><strong>Nota:<\/strong> Este art\u00edculo se <a href=\"http:\/\/gironaurbansketchers.blogspot.com\/2023\/10\/en-roberto-ens-explica-la-iii-trobada.html\">public\u00f3 por primera vez<\/a> -en catal\u00e1n- en el blog de los Urban Sketchers de Girona el d\u00eda 05\/10\/2023<\/p>\n","protected":false},"excerpt":{"rendered":"<p>El III Encuentro del Mediterr\u00e1neo que ha tenido lugar en Valencia los d\u00edas 23 y 24 de septiembre, organizado por los Urban Sketchers de Valencia, ha sido un \u00e9xito de participaci\u00f3n y un evento a tener en consideraci\u00f3n en los &hellip; <a href=\"https:\/\/robertopla.net\/blog\/iii-trobada-del-mediterrani.htm\">Sigue leyendo <span class=\"meta-nav\">&rarr;<\/span><\/a><\/p>\n","protected":false},"author":1,"featured_media":0,"comment_status":"open","ping_status":"open","sticky":false,"template":"","format":"standard","meta":{"footnotes":""},"categories":[383],"tags":[389,95,520,386,534,357],"class_list":["post-5000","post","type-post","status-publish","format-standard","hentry","category-dibujo","tag-acuarela","tag-dibujo","tag-urbansketchers","tag-usk","tag-valencia","tag-viaje"],"_links":{"self":[{"href":"https:\/\/robertopla.net\/blog\/wp-json\/wp\/v2\/posts\/5000","targetHints":{"allow":["GET"]}}],"collection":[{"href":"https:\/\/robertopla.net\/blog\/wp-json\/wp\/v2\/posts"}],"about":[{"href":"https:\/\/robertopla.net\/blog\/wp-json\/wp\/v2\/types\/post"}],"author":[{"embeddable":true,"href":"https:\/\/robertopla.net\/blog\/wp-json\/wp\/v2\/users\/1"}],"replies":[{"embeddable":true,"href":"https:\/\/robertopla.net\/blog\/wp-json\/wp\/v2\/comments?post=5000"}],"version-history":[{"count":3,"href":"https:\/\/robertopla.net\/blog\/wp-json\/wp\/v2\/posts\/5000\/revisions"}],"predecessor-version":[{"id":5094,"href":"https:\/\/robertopla.net\/blog\/wp-json\/wp\/v2\/posts\/5000\/revisions\/5094"}],"wp:attachment":[{"href":"https:\/\/robertopla.net\/blog\/wp-json\/wp\/v2\/media?parent=5000"}],"wp:term":[{"taxonomy":"category","embeddable":true,"href":"https:\/\/robertopla.net\/blog\/wp-json\/wp\/v2\/categories?post=5000"},{"taxonomy":"post_tag","embeddable":true,"href":"https:\/\/robertopla.net\/blog\/wp-json\/wp\/v2\/tags?post=5000"}],"curies":[{"name":"wp","href":"https:\/\/api.w.org\/{rel}","templated":true}]}}