{"id":5511,"date":"2025-05-27T14:35:31","date_gmt":"2025-05-27T12:35:31","guid":{"rendered":"https:\/\/robertopla.net\/blog\/?p=5511"},"modified":"2025-05-28T01:30:33","modified_gmt":"2025-05-27T23:30:33","slug":"eran-rojos","status":"publish","type":"post","link":"https:\/\/robertopla.net\/blog\/eran-rojos.htm","title":{"rendered":"Eran rojos!"},"content":{"rendered":"<p>El d\u00eda que muri\u00f3 <a href=\"https:\/\/es.wikipedia.org\/wiki\/Francisco_Franco\">Franco<\/a>, el 20 de noviembre de 1975 yo estaba interno en un \u00abColegio Preparatorio Militar\u00bb que que depend\u00eda de la \u00abDelegaci\u00f3n Nacional de la Juventud\u00bb, un organismo de la Secretar\u00eda General del Movimiento, y ese d\u00eda ten\u00edamos que asistir a una misa funeral por Jos\u00e9 Antonio Primo de Rivera en el Valle de los ca\u00eddos.<br \/>\nEntre sue\u00f1os o\u00ed los ca\u00f1onazos de las salvas que me confirmaron lo que hab\u00eda supuesto los d\u00edas anteriores: que al dictador lo desconectar\u00edan el d\u00eda del aniversario de la muerte de Jose Antonio.<br \/>\nAsistimos aquella ma\u00f1ana al funeral en el valle, envuelto en una espesa niebla gris. Al volver a la Casa de Campo esper\u00e1bamos irnos de vacaciones como el resto de los estudiantes de Espa\u00f1a. Sin embargo, nos dijeron que nuestra preparaci\u00f3n de las oposiciones era lo m\u00e1s importante y que a pesar de los acontecimientos, no pod\u00edamos permitirnos ni un d\u00eda de descanso. Hubo cabreo general, claro. La sensaci\u00f3n esa de estar haciendo el gilipollas, pues incluso las academias militares hab\u00edan decretado permiso oficial para sus alumnos.<br \/>\nPoco despu\u00e9s el director vino al colegio y nos reuni\u00f3 para decirnos que nos hab\u00eda cabido el \u00abinmenso honor\u00bb de formar en el Valle de los Ca\u00eddos el d\u00eda del entierro del Caudillo (que as\u00ed es como llamaban sus adeptos al dictador).<br \/>\nEl colegio actuaba tambi\u00e9n como albergue de la IYHF (International Youth Hostel Federation), la asociaci\u00f3n internacional de albergues juveniles. Siempre hab\u00eda alg\u00fan estudiante extranjero all\u00ed alojado.<br \/>\nLa noche anterior estuve hablando con alguno de ellos. Una muchacha norteamericana, estudiante de la <a href=\"https:\/\/www.ucla.edu\">UCLA<\/a> estaba exultante de gozo. Dec\u00eda que solo hab\u00eda podido venir a Espa\u00f1a un mes, y que hab\u00eda tenido la suerte de poder vivir un momento \u00abHist\u00f3rico\u00bb. Lo pongo as\u00ed con may\u00fascula porque a ella se le llenaba la boca al decir esta palabra. Como por la radio anunciaban la apertura de la capilla ardiente en el Palacio de Oriente, decidi\u00f3 ir y quedamos que si era posible, la acompa\u00f1ar\u00eda. Al d\u00eda siguiente era viernes y las clases estaban suspendidas.<br \/>\nDespu\u00e9s de desayunar salimos hacia el centro. Cuando llegamos a la cola esta bajaba por la calle On\u00e9simo Redondo (hoy Cuesta de San Vicente) y nos incorporamos a la misma a la altura de la Estaci\u00f3n del Norte (hoy intercambiador de Pr\u00edncipe P\u00edo).<\/p>\n<p style=\"text-align:center\"><img decoding=\"async\" style=\"border:none;width:580px;height:368px\" src=\"https:\/\/robertopla.net\/blog\/wp-content\/uploads\/2025\/05\/madrid_1975-1024x650.jpg\" alt=\"emblemas\" title=\"emblemas\"  \/><\/p>\n<p>Una vez en la cola, Carol, que as\u00ed creo recordar que se llamaba mi amiga norteamericana empez\u00f3 a interesarse por la historia reciente de Espa\u00f1a, la guerra civil y el r\u00e9gimen pol\u00edtico.<br \/>\nComo es f\u00e1cil de imaginar aquella cola estaba formada en su inmensa mayor\u00eda por adeptos de \u00ablealtad inquebrantable\u00bb al r\u00e9gimen y su figura central, el incuestionable \u00abCaudillo Salvador de Espa\u00f1a\u00bb. eran gente de diferentes clases, pero sobre todo gente humilde y sencilla, que realmente cre\u00eda que la actitud autoritaria y la disciplina f\u00e9rrea de la dictadura hab\u00eda contenido el caos, hab\u00eda salvado a Espa\u00f1a del comunismo y la segunda guerra mundial y hab\u00eda propiciado el bienestar econ\u00f3mico. Pero Carol preguntaba cosas como \u00ab\u00bfFranco era bueno?\u00bb Cualquier cosa que yo pensase era poco prudente expresarla en voz alta en aquella marea de adeptos, as\u00ed que yo salia del paso con t\u00f3picos como \u00abbueno, en este momento nos falta perspectiva y la historia juzgar\u00e1&#8230;\u00bb Supongo que como mis respuestas ten\u00eda un tono muy diferente a las de la noche anterior. En un momento determinado se me acerc\u00f3 y en voz baja me pregunt\u00f3: \u00ab\u00bftienes miedo?\u00bb.<br \/>\nSi, yo ten\u00eda miedo. Pero no de la represi\u00f3n, de la polic\u00eda social, ni de los grises. Tenia miedo de la gente. Gente fan\u00e1tica, aburrida en aquella cola de horas, espa\u00f1oles extrovertidos, deseosos de dar testimonio de su f\u00e9 y dejar clara su posici\u00f3n ante el orbe conocido. El margen de libertad de expresi\u00f3n era muy diferente en la charla nocturna y privada del d\u00eda anterior a la voz alta en el seno de una multitud bastante monocolor.<br \/>\nEn un momento determinado le surgi\u00f3 una duda sobre los contendientes en la guerra civil. Yo intent\u00e9 explicarle que el bando sublevado, al que los otros llamaban \u00abfacciosos\u00bb, se denominaban a si mismos \u00abnacionales\u00bb y que a los del bando gubernamental, los leales a la rep\u00fablica o republicanos, los otros les llamaban \u00abrojos\u00bb.<br \/>\nLa se\u00f1ora de delante, a la que hac\u00eda rato que yo ya le ve\u00eda estirar la oreja, se volvi\u00f3 en redondo girando sobre uno de sus tacones y dijo: \u00ab<em>\u00a1No hijo, No. No les llamaban Rojos: Eran Rojos!<\/em>\u00bb A partir de ese momento, pas\u00f3 a ignorarme por completo, se dirigi\u00f3 exclusivamente a Carol como si fuera una amiga de toda la vida y le puso el casete por las dos caras con el tema \u00abLos Milagros de Franco y la Nueva Espa\u00f1a\u00bb.<br \/>\nYo, la verdad, me qued\u00e9 aliviado. La situaci\u00f3n hab\u00eda estallado, pero sin violencia. Al volverme transparente hab\u00eda pasado a una c\u00f3moda posici\u00f3n de espectador y aunque Carol me dirig\u00eda de vez en cuando miradas interrogantes, yo pon\u00eda cara de paisaje y pensaba: \u00ab\u00bfmiedo?, \u00a1toma miedo!, t\u00fa te lo has buscado\u00bb.<br \/>\nTodav\u00eda nos quedaban m\u00e1s de tres horas de cola. En ese tiempo, como no pod\u00eda ser menos, sin tener que preguntar, me pude enterar -no me qued\u00f3 m\u00e1s remedio- de parte de la historia de nuestra gu\u00eda. Su marido ostentaba un empleo de suboficial en la Guardia Personal del Jefe del Estado. Hab\u00eda hecho la guerra, obviamente en el bando nacional. Tras la guerra consigui\u00f3 una plaza en la Casa Militar y cuando la Guardia Mora volvi\u00f3 a su tierra, en la Guardia Personal. Disfrutaban de una vivienda en el Pardo, donde hab\u00edan criado felices a sus hijos contribuyendo a la Paz y el Progreso de Espa\u00f1a.<br \/>\nA la una llev\u00e1bamos tres horas de cola y llam\u00e9 desde una cabina al colegio para pedir permiso para no ir a comer y cumplir nuestro objetivo. A las tres entr\u00e1bamos en la capilla ardiente. El cad\u00e1ver de Franco me pareci\u00f3 peque\u00f1o, gris y ceniciento.<br \/>\nLa mayor\u00eda de la gente que desfilaba por all\u00ed estaba triste y emocionada, todos eramos conscientes de vivir un momento hist\u00f3rico de cambio y sent\u00edamos incertidumbre sobre si sabr\u00edamos conducir el futuro hacia donde quer\u00edamos, conscientes de que no todos quer\u00edamos lo mismo o no lo quer\u00edamos por el mismo camino.<br \/>\nSeguramente no todos los que desfilaron por aquella capilla ardiente eran adeptos al R\u00e9gimen. Habr\u00eda curiosos, aspirantes a vivir en directo un momento hist\u00f3rico y hasta quien quisiera asegurarse de que el tio Paco estaba fr\u00edo sin recuperaci\u00f3n.<br \/>\nYo ten\u00eda diecisiete a\u00f1os, han pasado cincuenta y lo recuerdo, casi, como si hubiera sido ayer.<\/p>\n","protected":false},"excerpt":{"rendered":"<p>Seguramente no todos los que desfilaron por aquella capilla ardiente eran adeptos al R\u00e9gimen. Habr\u00eda curiosos, aspirantes a vivir en directo un momento hist\u00f3rico y hasta quien quisiera asegurarse de que el t\u00edo Paco estaba fr\u00edo sin recuperaci\u00f3n. <a href=\"https:\/\/robertopla.net\/blog\/eran-rojos.htm\">Sigue leyendo <span class=\"meta-nav\">&rarr;<\/span><\/a><\/p>\n","protected":false},"author":1,"featured_media":0,"comment_status":"open","ping_status":"open","sticky":false,"template":"","format":"standard","meta":{"footnotes":""},"categories":[8],"tags":[120,166,215,275,294],"class_list":["post-5511","post","type-post","status-publish","format-standard","hentry","category-omblogo","tag-espana","tag-historia","tag-madrid","tag-personal","tag-recuerdos"],"_links":{"self":[{"href":"https:\/\/robertopla.net\/blog\/wp-json\/wp\/v2\/posts\/5511","targetHints":{"allow":["GET"]}}],"collection":[{"href":"https:\/\/robertopla.net\/blog\/wp-json\/wp\/v2\/posts"}],"about":[{"href":"https:\/\/robertopla.net\/blog\/wp-json\/wp\/v2\/types\/post"}],"author":[{"embeddable":true,"href":"https:\/\/robertopla.net\/blog\/wp-json\/wp\/v2\/users\/1"}],"replies":[{"embeddable":true,"href":"https:\/\/robertopla.net\/blog\/wp-json\/wp\/v2\/comments?post=5511"}],"version-history":[{"count":2,"href":"https:\/\/robertopla.net\/blog\/wp-json\/wp\/v2\/posts\/5511\/revisions"}],"predecessor-version":[{"id":5515,"href":"https:\/\/robertopla.net\/blog\/wp-json\/wp\/v2\/posts\/5511\/revisions\/5515"}],"wp:attachment":[{"href":"https:\/\/robertopla.net\/blog\/wp-json\/wp\/v2\/media?parent=5511"}],"wp:term":[{"taxonomy":"category","embeddable":true,"href":"https:\/\/robertopla.net\/blog\/wp-json\/wp\/v2\/categories?post=5511"},{"taxonomy":"post_tag","embeddable":true,"href":"https:\/\/robertopla.net\/blog\/wp-json\/wp\/v2\/tags?post=5511"}],"curies":[{"name":"wp","href":"https:\/\/api.w.org\/{rel}","templated":true}]}}