{"id":5574,"date":"2025-09-01T23:59:06","date_gmt":"2025-09-01T21:59:06","guid":{"rendered":"https:\/\/robertopla.net\/blog\/?p=5574"},"modified":"2025-09-02T00:23:14","modified_gmt":"2025-09-01T22:23:14","slug":"simposio-internacional-en-poznan","status":"publish","type":"post","link":"https:\/\/robertopla.net\/blog\/simposio-internacional-en-poznan.htm","title":{"rendered":"Simposio Internacional en Pozna\u0144"},"content":{"rendered":"<p>Cada a\u00f1o se celebra el Simposio Internacional de los <a href=\"https:\/\/urbansketchers.org\">Urban Sketchers<\/a> en alguna ciudad del Mundo. El a\u00f1o pasado fue en Buenos Aires, Argentina y este a\u00f1o ha sido en Pozna\u0144 (Polonia) del 20 al 23 de Agosto.<\/p>\n<p><img loading=\"lazy\" decoding=\"async\" class=\"aligncenter wp-image-5580\" src=\"https:\/\/robertopla.net\/blog\/wp-content\/uploads\/2025\/09\/logo_poz.png\" alt=\"\" width=\"501\" height=\"332\" srcset=\"https:\/\/robertopla.net\/blog\/wp-content\/uploads\/2025\/09\/logo_poz.png 567w, https:\/\/robertopla.net\/blog\/wp-content\/uploads\/2025\/09\/logo_poz-300x199.png 300w\" sizes=\"auto, (max-width: 501px) 100vw, 501px\" \/><br \/>\nAlli ha estado nuestro enviado especial como &#8216;Independent Sketcher&#8217; que es como la organizaci\u00f3n ha denominado a aquellos sketchers que participaban en el Simposio pero sin haber obtenido el ticket para los actos organizados por el mismo, es decir, m\u00e1s que independientes se trata de la comunidad sketcher que ha viajado hasta Pozna\u0144 para disfrutar del encuentro con sketchers de todo el mundo dibujando, intercambiando ideas, y como dice nuestro <a href=\"https:\/\/gironaurbansketchers.blogspot.com\/p\/manifest.html\">manifiesto<\/a>, conociendo el mundo dibujo a dibujo.<\/p>\n<p><img loading=\"lazy\" decoding=\"async\" class=\"aligncenter size-large wp-image-5576\" src=\"https:\/\/robertopla.net\/blog\/wp-content\/uploads\/2025\/09\/catalans_03-1024x768.jpg\" alt=\"\" width=\"640\" height=\"480\" srcset=\"https:\/\/robertopla.net\/blog\/wp-content\/uploads\/2025\/09\/catalans_03-1024x768.jpg 1024w, https:\/\/robertopla.net\/blog\/wp-content\/uploads\/2025\/09\/catalans_03-300x225.jpg 300w, https:\/\/robertopla.net\/blog\/wp-content\/uploads\/2025\/09\/catalans_03-768x576.jpg 768w, https:\/\/robertopla.net\/blog\/wp-content\/uploads\/2025\/09\/catalans_03-1536x1152.jpg 1536w, https:\/\/robertopla.net\/blog\/wp-content\/uploads\/2025\/09\/catalans_03.jpg 1600w\" sizes=\"auto, (max-width: 640px) 100vw, 640px\" \/><\/p>\n<p><img loading=\"lazy\" decoding=\"async\" class=\"wp-image-5581 alignleft\" src=\"https:\/\/robertopla.net\/blog\/wp-content\/uploads\/2025\/09\/poznan__logo.png\" alt=\"\" width=\"217\" height=\"83\" srcset=\"https:\/\/robertopla.net\/blog\/wp-content\/uploads\/2025\/09\/poznan__logo.png 562w, https:\/\/robertopla.net\/blog\/wp-content\/uploads\/2025\/09\/poznan__logo-300x115.png 300w\" sizes=\"auto, (max-width: 217px) 100vw, 217px\" \/>Eramos casi cuarenta en el grupo de WhatsApp que hicimos los catalanes que \u00edbamos a participar del encuentro. Solo dos afortunados ten\u00eda ticket, pero se sumaron con alegr\u00eda a la denominaci\u00f3n de &#8216;Independent Sketchers&#8217; y decidimos hacer un sello para hacer constar en nuestros cuadernos de forma adecuada el importante evento.<br \/>\nPozna\u0144 nos impresion\u00f3 a todos. Es una ciudad bell\u00edsima. En su centro el tr\u00e1fico es sorprendente. Hay pocos coches circulando muy despacio que se paran apenas un peat\u00f3n pisa la calzada \u00a1y no hay sem\u00e1foros!.<\/p>\n<p><img loading=\"lazy\" decoding=\"async\" class=\"aligncenter wp-image-5578\" src=\"https:\/\/robertopla.net\/blog\/wp-content\/uploads\/2025\/09\/IMG_20250818_162606-1024x461.jpg\" alt=\"\" width=\"580\" height=\"261\" srcset=\"https:\/\/robertopla.net\/blog\/wp-content\/uploads\/2025\/09\/IMG_20250818_162606-1024x461.jpg 1024w, https:\/\/robertopla.net\/blog\/wp-content\/uploads\/2025\/09\/IMG_20250818_162606-300x135.jpg 300w, https:\/\/robertopla.net\/blog\/wp-content\/uploads\/2025\/09\/IMG_20250818_162606-768x346.jpg 768w, https:\/\/robertopla.net\/blog\/wp-content\/uploads\/2025\/09\/IMG_20250818_162606-1536x692.jpg 1536w, https:\/\/robertopla.net\/blog\/wp-content\/uploads\/2025\/09\/IMG_20250818_162606-2048x922.jpg 2048w\" sizes=\"auto, (max-width: 580px) 100vw, 580px\" \/><br \/>\nLa plaza del antiguo mercado, con el edificio del ayuntamiento, el complejo del Palacio Imperial, la catedral y su entorno, en general toda la ciudad es sumamente pintoresca.<\/p>\n<p><img loading=\"lazy\" decoding=\"async\" class=\"aligncenter wp-image-5579\" src=\"https:\/\/robertopla.net\/blog\/wp-content\/uploads\/2025\/09\/IMG_20250819_100038-1024x461.jpg\" alt=\"\" width=\"580\" height=\"261\" srcset=\"https:\/\/robertopla.net\/blog\/wp-content\/uploads\/2025\/09\/IMG_20250819_100038-1024x461.jpg 1024w, https:\/\/robertopla.net\/blog\/wp-content\/uploads\/2025\/09\/IMG_20250819_100038-300x135.jpg 300w, https:\/\/robertopla.net\/blog\/wp-content\/uploads\/2025\/09\/IMG_20250819_100038-768x346.jpg 768w, https:\/\/robertopla.net\/blog\/wp-content\/uploads\/2025\/09\/IMG_20250819_100038-1536x692.jpg 1536w, https:\/\/robertopla.net\/blog\/wp-content\/uploads\/2025\/09\/IMG_20250819_100038-2048x922.jpg 2048w\" sizes=\"auto, (max-width: 580px) 100vw, 580px\" \/><br \/>\nEn el centro del Simposio, situado en un hotel, el Mercadillo de Arte en el cual los patrocinadores ofrec\u00edan sus productos estaba abierto al p\u00fablico, algo que nos pareci\u00f3 una excelente idea, pues otros a\u00f1os hab\u00eda sido exclusivo para los participantes con Ticket. Adem\u00e1s del fabricante local de Acuarelas Roman-Szmal me sorprendi\u00f3 gratamente encontrar a Arte Miranda una excelente tienda de arte de Salamanca. y una buena representaci\u00f3n de los famosisimos pinceles Escoda, fabricados en Barcelona.<\/p>\n<p>El d\u00eda de la inauguraci\u00f3n hubo una convocatoria especial para los &#8216;Independent sketchers&#8217; en el centro comercial Stary Browar, pr\u00f3ximo al hotel que alojaba el Simposio oficial. Fue una reuni\u00f3n t\u00edpica de Urban Sketchers, unas palabras de la convocarte, un rato de dibujo a nuestro aire y finalmente, cuadernos al suelo y foto de grupo.<br \/>\nDurante los d\u00edas del simposio hubo una opini\u00f3n generalizada de rechazo a que la organizaci\u00f3n declarase los sketchwalks exclusivos para los participantes oficiales. Los skechwalk siempre han sido reuniones abiertas donde se acoge a todo el mundo. Al parecer era una cuesti\u00f3n relacionada con el seguro colectivo. Da igual, la calle es libre y ninguna compa\u00f1\u00eda de seguros me va a decir donde puedo o no dibujar.<\/p>\n<p><img loading=\"lazy\" decoding=\"async\" class=\"aligncenter wp-image-5582\" src=\"https:\/\/robertopla.net\/blog\/wp-content\/uploads\/2025\/09\/foto_final_poznan-1024x796.jpg\" alt=\"\" width=\"580\" height=\"451\" srcset=\"https:\/\/robertopla.net\/blog\/wp-content\/uploads\/2025\/09\/foto_final_poznan-1024x796.jpg 1024w, https:\/\/robertopla.net\/blog\/wp-content\/uploads\/2025\/09\/foto_final_poznan-300x233.jpg 300w, https:\/\/robertopla.net\/blog\/wp-content\/uploads\/2025\/09\/foto_final_poznan-768x597.jpg 768w, https:\/\/robertopla.net\/blog\/wp-content\/uploads\/2025\/09\/foto_final_poznan.jpg 1536w\" sizes=\"auto, (max-width: 580px) 100vw, 580px\" \/><br \/>\nEl \u00faltimo d\u00eda, en la foto de grupo previa al \u00faltimo sketchwalk, hab\u00eda un ambiente especial. todo el mundo se saludaba e intercambiaba sellos y pegatinas para sus cuadernos. Gente de todo el mundo hac\u00eda por entenderse y se ense\u00f1aba sus dibujos. Fue fant\u00e1stico. El sitio para la foto era un lugar emblem\u00e1tico de Pozna\u0144 y de Polonia: la plaza de la Libertad. Por la noche nos enteramos que el pr\u00f3ximo Simposio Internacional, en 2026 ser\u00e1 en Tolouse, como aquel que dice al lado de casa.<br \/>\nEse d\u00eda hacia fresco. Cuando nos pusimos a dibujar pas\u00e9 frio, mientras en Espa\u00f1a la ola de calor no remit\u00eda nosotros est\u00e1bamos pasando frio en Polonia. Todo un privilegio, sin duda, pero me volv\u00ed al hotel para no regresar a casa enfermo.<br \/>\nEn definitiva, hemos disfrutado unos d\u00edas maravillosos en un entorno encantador hemos dibujado mucho y conocido a gente estupenda, nos hemos encontrado con amigos de internet a los que jam\u00e1s hab\u00edamos visto en persona, disfrutado de la comida y la cerveza local y hemos vuelto a casa, cansados pero felices. Aprovechando que el a\u00f1o que viene es en Tolouse, os recomiendo que no os perd\u00e1is la experiencia.<\/p>\n","protected":false},"excerpt":{"rendered":"<p>Cada a\u00f1o se celebra el Simposio Internacional de los Urban Sketchers en alguna ciudad del mundo, este a\u00f1o ha sido en Pozna\u0144 (Polonia) del 19 al 23 de Agosto. <a href=\"https:\/\/robertopla.net\/blog\/simposio-internacional-en-poznan.htm\">Sigue leyendo <span class=\"meta-nav\">&rarr;<\/span><\/a><\/p>\n","protected":false},"author":1,"featured_media":0,"comment_status":"open","ping_status":"open","sticky":false,"template":"","format":"standard","meta":{"footnotes":""},"categories":[383],"tags":[95,642,520,386,643,644,357],"class_list":["post-5574","post","type-post","status-publish","format-standard","hentry","category-dibujo","tag-dibujo","tag-poznan","tag-urbansketchers","tag-usk","tag-uskpoznan2025","tag-usksymposium2025","tag-viaje"],"_links":{"self":[{"href":"https:\/\/robertopla.net\/blog\/wp-json\/wp\/v2\/posts\/5574","targetHints":{"allow":["GET"]}}],"collection":[{"href":"https:\/\/robertopla.net\/blog\/wp-json\/wp\/v2\/posts"}],"about":[{"href":"https:\/\/robertopla.net\/blog\/wp-json\/wp\/v2\/types\/post"}],"author":[{"embeddable":true,"href":"https:\/\/robertopla.net\/blog\/wp-json\/wp\/v2\/users\/1"}],"replies":[{"embeddable":true,"href":"https:\/\/robertopla.net\/blog\/wp-json\/wp\/v2\/comments?post=5574"}],"version-history":[{"count":4,"href":"https:\/\/robertopla.net\/blog\/wp-json\/wp\/v2\/posts\/5574\/revisions"}],"predecessor-version":[{"id":5585,"href":"https:\/\/robertopla.net\/blog\/wp-json\/wp\/v2\/posts\/5574\/revisions\/5585"}],"wp:attachment":[{"href":"https:\/\/robertopla.net\/blog\/wp-json\/wp\/v2\/media?parent=5574"}],"wp:term":[{"taxonomy":"category","embeddable":true,"href":"https:\/\/robertopla.net\/blog\/wp-json\/wp\/v2\/categories?post=5574"},{"taxonomy":"post_tag","embeddable":true,"href":"https:\/\/robertopla.net\/blog\/wp-json\/wp\/v2\/tags?post=5574"}],"curies":[{"name":"wp","href":"https:\/\/api.w.org\/{rel}","templated":true}]}}