{"id":563,"date":"2009-04-06T23:47:34","date_gmt":"2009-04-06T21:47:34","guid":{"rendered":"http:\/\/robertopla.net\/blog\/jornada-castellera.htm"},"modified":"2023-11-30T01:36:46","modified_gmt":"2023-11-30T00:36:46","slug":"jornada-castellera","status":"publish","type":"post","link":"https:\/\/robertopla.net\/blog\/jornada-castellera.htm","title":{"rendered":"Jornada Castellera"},"content":{"rendered":"<p>Ya hab\u00eda escrito <a href=\"http:\/\/robertopla.net\/blog\/solaris-el-folclore-y-catalunya.htm\">alguna vez en el blog<\/a> sobre mi admiraci\u00f3n por el mundo de <a href=\"http:\/\/www.lawebdelscastellers.com\/\">los castellers<\/a>. En Lerida mi hermana y su marido pertenecen a la colla de <a href=\"http:\/\/www.castellersdelleida.cat\/\">Castellers de Lleida<\/a> y el s\u00e1bado, con motivo del carorce aniversario de la misma, realizaron una actuaci\u00f3n junto a la <a href=\"http:\/\/www.xiquetsdereus.cat\/\">Colla Castellera del Xiquets de Reus<\/a> y la de los <a href=\"http:\/\/www.xicotsdevilafranca.com\/\">Xicots de Vilafranca<\/a>.<\/p>\n<p style=\"text-align: center;\"><a href=\"http:\/\/www.flickr.com\/photos\/fotero\/3419921382\/\"><img decoding=\"async\" style=\"border: none; width: 180px; height: 240px;\" title=\"IMG_3001\" src=\"http:\/\/farm4.static.flickr.com\/3327\/3419921382_72aeca8c93_m.jpg\" alt=\"IMG_3001\" \/><\/a>\u00a0<a href=\"http:\/\/www.flickr.com\/photos\/fotero\/3419105551\/\"><img decoding=\"async\" style=\"border: none; width: 179px; height: 240px;\" title=\"IMG_2994\" src=\"http:\/\/farm4.static.flickr.com\/3624\/3419105551_60616f15a3_m.jpg\" alt=\"IMG_2994\" \/><\/a><br \/>\n<a href=\"http:\/\/www.flickr.com\/photos\/fotero\/3419913794\/\"><img decoding=\"async\" style=\"border: none; width: 179px; height: 240px;\" title=\"IMG_2989\" src=\"http:\/\/farm4.static.flickr.com\/3345\/3419913794_de3010b9c8_m.jpg\" alt=\"IMG_2989\" \/><\/a>\u00a0<a href=\"http:\/\/www.flickr.com\/photos\/fotero\/3419103419\/\"><img decoding=\"async\" style=\"border: none; width: 179px; height: 240px;\" title=\"IMG_2979\" src=\"http:\/\/farm4.static.flickr.com\/3572\/3419103419_1629e10b52_m.jpg\" alt=\"IMG_2979\" \/><\/a><\/p>\n<p>Yo me acerqu\u00e9 a la <a href=\"http:\/\/www.lleida.org\/camarafm\/camera2\/\">Plaza de la Paheria<\/a> para verla y con la esperanza de hacer algunas fotos interesantes. No es dif\u00edcil hacer fotos interesantes ante un espect\u00e1culo tan singular. El ambiente era estupendo y despu\u00e9s del saludo del Alcalde los \u00abcaps de colla\u00bb empezaron a organizar a su gente para levantar los castillos. El primero de los de Lleida fu\u00e9 un \u00abcuatre de se amb agulla\u00bb. Es decir una torre en la que el tronco se levanta con grupos de cuatro personas y sobre cuatro pisos de cuatro personas, \u00abla canalla\u00bb (los chiquillos) forma el \u00abpom de dalt\u00bb que son los tres \u00faltimos pisos, formados por \u00abels dosos\u00bb que como su nombre indica son dos, sobre los que se sube \u00abl&#8217;acotxador\u00bb que se agacha sobre ellos para que el m\u00e1s peque\u00f1o, \u00abl&#8217;axeneta\u00bb ponga sus piernas sobre el como si montase a caballo y levante la mano para hacer \u00abl&#8217;aleta\u00bb que indica la coronaci\u00f3n del castillo y el fin airoso de la primera parte de la operaci\u00f3n que no se dar\u00e1 por concluida con \u00e9xito hasta que todos hayan vuelto al suelo de forma ordenada, lo que se llama \u00abdescarregar\u00bb (descargar) el castillo humano.<\/p>\n<p>Si el \u00e9xito no acompa\u00f1a la operaci\u00f3n y los componentes del castillo se caen o este se desmorona desordenadamente se dice que han \u00abfet llenya\u00bb (hecho le\u00f1a) y el intento se da por fallido. Es poco frecuente que en las jornadas castelleras haya lesionados. La pi\u00f1a que apoya al base de la torre humana hace de amortiguador y como en el karate, los miembros de la colla tienen entre su entrenamiento la habilidad de caer &#8216;con cuidado&#8217;. No obstante y debido a alg\u00fan accidente ocurrido hace algunos a\u00f1os, los m\u00e1s peque\u00f1os suben ahora siempre con casco.<\/p>\n<p>El \u00abcuatre de set amb agulla\u00bb es un castillo precioso. Despu\u00e9s de cargar los siete pisos y cuando empiezan a descender sus componentes aparece en el centro de la torre la &#8216;agulla&#8217; (aguja) una columna de a uno que se mantiene asombrosamente en equilibrio y que se descarga a continuaci\u00f3n. Pude recoger todo el proceso en un v\u00eddeo que he subido -por primera vez- a Vimeo.<\/p>\n<p style=\"text-align: center;\"><iframe loading=\"lazy\" src=\"https:\/\/player.vimeo.com\/video\/4035982?h=2e37dc1b84\" width=\"640\" height=\"274\" frameborder=\"0\" allowfullscreen=\"allowfullscreen\"><\/iframe><br \/>\n<a href=\"http:\/\/vimeo.com\/4035982\">Castellers<\/a> de <a href=\"http:\/\/vimeo.com\/user1548290\">Roberto Pl\u00e0<\/a> en <a href=\"http:\/\/vimeo.com\">Vimeo<\/a>.<\/p>\n<p><strong>Editado el 30\/11\/2023<\/strong> para actualizar el sistema de inserci\u00f3n del v\u00eddeo<\/p>\n","protected":false},"excerpt":{"rendered":"<p>Los Castellers de Lleida realizaron una actuaci\u00f3n junto a la Colla Castellera del Xiquets de Reus y la de los Xicots de Vilafranca. <a href=\"https:\/\/robertopla.net\/blog\/jornada-castellera.htm\">Sigue leyendo <span class=\"meta-nav\">&rarr;<\/span><\/a><\/p>\n","protected":false},"author":1,"featured_media":0,"comment_status":"open","ping_status":"open","sticky":false,"template":"","format":"standard","meta":{"footnotes":""},"categories":[10],"tags":[],"class_list":["post-563","post","type-post","status-publish","format-standard","hentry","category-viajes"],"_links":{"self":[{"href":"https:\/\/robertopla.net\/blog\/wp-json\/wp\/v2\/posts\/563","targetHints":{"allow":["GET"]}}],"collection":[{"href":"https:\/\/robertopla.net\/blog\/wp-json\/wp\/v2\/posts"}],"about":[{"href":"https:\/\/robertopla.net\/blog\/wp-json\/wp\/v2\/types\/post"}],"author":[{"embeddable":true,"href":"https:\/\/robertopla.net\/blog\/wp-json\/wp\/v2\/users\/1"}],"replies":[{"embeddable":true,"href":"https:\/\/robertopla.net\/blog\/wp-json\/wp\/v2\/comments?post=563"}],"version-history":[{"count":2,"href":"https:\/\/robertopla.net\/blog\/wp-json\/wp\/v2\/posts\/563\/revisions"}],"predecessor-version":[{"id":5170,"href":"https:\/\/robertopla.net\/blog\/wp-json\/wp\/v2\/posts\/563\/revisions\/5170"}],"wp:attachment":[{"href":"https:\/\/robertopla.net\/blog\/wp-json\/wp\/v2\/media?parent=563"}],"wp:term":[{"taxonomy":"category","embeddable":true,"href":"https:\/\/robertopla.net\/blog\/wp-json\/wp\/v2\/categories?post=563"},{"taxonomy":"post_tag","embeddable":true,"href":"https:\/\/robertopla.net\/blog\/wp-json\/wp\/v2\/tags?post=563"}],"curies":[{"name":"wp","href":"https:\/\/api.w.org\/{rel}","templated":true}]}}