{"id":564,"date":"2009-04-08T23:41:19","date_gmt":"2009-04-08T21:41:19","guid":{"rendered":"http:\/\/robertopla.net\/blog\/a-cagliari-con-ryanair.htm"},"modified":"2009-04-08T23:41:19","modified_gmt":"2009-04-08T21:41:19","slug":"a-cagliari-con-ryanair","status":"publish","type":"post","link":"https:\/\/robertopla.net\/blog\/a-cagliari-con-ryanair.htm","title":{"rendered":"A Cagliari con Ryanair"},"content":{"rendered":"<p>Despu\u00e9s de volar sobre un mar de nubes, el avi\u00f3n ha empezado a descender entre una sopa gris a la que aparentemente no \u00edbamos a encontrar el fondo. Al final, como Rodrigo de Triana, hemos visto Tierra. Tierra y mar, \u00a1vaya casualidad!: Cerde\u00f1a estaba justo debajo del sitio donde hemos bajado de las nubes.  El piloto se ha alejado, a mi modo de ver un poco imprudentemente,pues ya que hab\u00edamos visto Tierra, no era cosa de perderla de nuevo. Habr\u00eda dejado una linea de piedrecitas por el camino o algo as\u00ed porque ha conseguido volver y Cagliari ha aparecido a mi derecha. Una ciudad grande, con muchas cuestas. Es algo que se ve a simple vista y que luego hemos tenido ocasi\u00f3n de experimentar.<\/p>\n<p style=\"text-align:center\"><a href=\"http:\/\/www.flickr.com\/photos\/fotero\/3428589538\/\" ><img decoding=\"async\" src=\"http:\/\/farm4.static.flickr.com\/3314\/3428589538_846231f49f.jpg\" style=\"border:none;width:450px;height:338px;\" title=\"Cagliari\" alt=\"Cagliari\" \/><\/a><\/p>\n<p>El Aeropuerto queda muy cerca de la ciudad y un taxi nos ha dejado en Via Serdegna, frente al Hotel Italia, donde nos alojamos. Tiempo justo de registrarnos, dejar las maletas y salir a tomar contacto con la ciudad. Si, hay muchas cuestas y grandes contrastes. Edificios viejos y viej\u00edsimos, rehabilitados y cayendo a pedazos, edificios nuevos vanguardistas, algunos solo con pretensiones y otros sencillamente horrorosos. Mediterr\u00e1neo. Cerde\u00f1a y Cagliari son eminentemente mediterr\u00e1neas y podr\u00edamos estar en Mallorca o en cualquier otra ciudad italiana o del Levante espa\u00f1ol.<\/p>\n<p>Tengo que buscar la caracter\u00edstica que define a Cagliari y a Cerde\u00f1a. La arquitecura me recuerda los dibujos de Escher y los c\u00f3mics del Corto Malt\u00e9s. La ciudad nos saluda bajo un sol radiante como si se hubiera arreglado para saludarnos. Subimos hacia la catedral echando fotos y descendemos de nuevo buscando un restaurante. Nos encontramos con el Baluarte de San Remy y su impresionante geometria. Sencillez y elegancia de formas. Me dejo el dedo en el disparador echando fotos, muchas de ellas para panor\u00e1micas que no podr\u00e9 montar hasta que volvamos a casa.<\/p>\n<p>Comemos por alli cerca. Muy bien, como suele suceder en Italia a poco que tenga uno cuidado al elegir el sitio. Despu\u00e9s de la siesta en el Hotel, la bienvenida se ha acabado y el traje de diario es de lluvia intensa, de algunos ratos solo de nublados y a veces suave goteo del cielo.<\/p>\n<p>Mas vueltas a la ciudad. Tiendas. De ropa y bisuteria y muchos kioscos. Aque la gente debe leer mucho la prensa. Se nos hace de noche paseando por la ciudad y acabamos el d\u00eda cenando en la Tratoria Lepanto, otro acierto de pasta y quesos del pa\u00eds.<\/p>\n<p>Y por fin, la habitaci\u00f3n, el descanso y esta cr\u00f3nica que tengo que acabar para ma\u00f1ana poder estar a la hora en la oficina de alquiler de coches donde hemos de recoger el que nos llevar\u00e1 a Alghero, en el norte de la isla.<\/p>\n","protected":false},"excerpt":{"rendered":"<p>Despu\u00e9s de volar sobre un mar de nubes, el avi\u00f3n ha empezado a descender entre una sopa gris a la que aparentemente no \u00edbamos a encontrar el fondo. Al final, como Rodrigo de Triana, hemos visto Tierra. Tierra y mar, &hellip; <a href=\"https:\/\/robertopla.net\/blog\/a-cagliari-con-ryanair.htm\">Sigue leyendo <span class=\"meta-nav\">&rarr;<\/span><\/a><\/p>\n","protected":false},"author":1,"featured_media":0,"comment_status":"open","ping_status":"open","sticky":false,"template":"","format":"standard","meta":{"footnotes":""},"categories":[10],"tags":[],"class_list":["post-564","post","type-post","status-publish","format-standard","hentry","category-viajes"],"_links":{"self":[{"href":"https:\/\/robertopla.net\/blog\/wp-json\/wp\/v2\/posts\/564","targetHints":{"allow":["GET"]}}],"collection":[{"href":"https:\/\/robertopla.net\/blog\/wp-json\/wp\/v2\/posts"}],"about":[{"href":"https:\/\/robertopla.net\/blog\/wp-json\/wp\/v2\/types\/post"}],"author":[{"embeddable":true,"href":"https:\/\/robertopla.net\/blog\/wp-json\/wp\/v2\/users\/1"}],"replies":[{"embeddable":true,"href":"https:\/\/robertopla.net\/blog\/wp-json\/wp\/v2\/comments?post=564"}],"version-history":[{"count":0,"href":"https:\/\/robertopla.net\/blog\/wp-json\/wp\/v2\/posts\/564\/revisions"}],"wp:attachment":[{"href":"https:\/\/robertopla.net\/blog\/wp-json\/wp\/v2\/media?parent=564"}],"wp:term":[{"taxonomy":"category","embeddable":true,"href":"https:\/\/robertopla.net\/blog\/wp-json\/wp\/v2\/categories?post=564"},{"taxonomy":"post_tag","embeddable":true,"href":"https:\/\/robertopla.net\/blog\/wp-json\/wp\/v2\/tags?post=564"}],"curies":[{"name":"wp","href":"https:\/\/api.w.org\/{rel}","templated":true}]}}