{"id":566,"date":"2009-04-12T23:09:58","date_gmt":"2009-04-12T21:09:58","guid":{"rendered":"http:\/\/robertopla.net\/blog\/vuelo-desastroso.htm"},"modified":"2009-04-12T23:09:58","modified_gmt":"2009-04-12T21:09:58","slug":"vuelo-desastroso","status":"publish","type":"post","link":"https:\/\/robertopla.net\/blog\/vuelo-desastroso.htm","title":{"rendered":"Vuelo desastroso"},"content":{"rendered":"<p>El vuelo de vuelta desde Calgari (Cerde\u00f1a) a Girona del s\u00e1bado once de abril fue un aut\u00e9ntico desastre. Por suerte, sin v\u00edctimas, salvo la profesionalidad y prestigio que pudiera tener la tripulaci\u00f3n de cabina que muri\u00f3 ante nuestros ojos en medio de una agon\u00eda angustiosa.<\/p>\n<p>Como es costumbre \u00faltimamente en esta compa\u00f1\u00eda, tres filas al principio del avi\u00f3n (2,3 y 4) no pod\u00edan ser ocupadas. Sin embargo un grupo de pasajeros que embarcaron los \u00faltimos por la puerta de atr\u00e1s llegaron hasta ellas sin haber encontrado un lugar donde dejar sus maletas ni donde sentarse a su acomodo (quer\u00edan ir juntos y, evidentemente, eso no era posible en los asientos que quedaban).<\/p>\n<p>Por el procedimiento de quedarse de pie junto a las filas vac\u00edas y protestar (eso si, sin gritar) consiguieron que una sobrecargo evidentemente enferma -ten\u00eda claros s\u00edntomas de gripe o costipado- y una <abbr title=\"Tripulante de Cabina de Pasajeros\">TCP<\/abbr> pusil\u00e1nime les dejasen, primero acomodar sus maletas en los asientos (en un vuelo pasado a mi me obligaron a bajar mi equipaje de mano a la bodega sin resguardo&#8230;) y despu\u00e9s acomodarse ellos. \u00a1Eso si que es prioridad de embarque sin pagar un duro!.<\/p>\n<p>Durante el vuelo se sucedieron los gritos y el esc\u00e1ndalo de un grupo que viajaba al final de la cabina y la tripulaci\u00f3n desarroll\u00f3 su tarea con visible nerviosismo, incompetencia y groser\u00eda, como cuando la TCP pusil\u00e1nime le dio a mi mujer que deb\u00eda poner su chaqueta (con la que se estaba tapando las piernas) debajo del asiento de enfrente y cuando lo hizo la empuj\u00f3 con el pi\u00e9 para \u00bfencajarla? en ese sitio. Mercedes se indign\u00f3, ya que en las filas de los \u00ab<em>protestantes<\/em>\u00bb la gente llevaba las chaquetas sobre el asiento de delante, as\u00ed que ella recuper\u00f3 la suya e hizo lo mismo. Durante el viaje, cada TCP que pas\u00f3 por mi lado embisti\u00f3 con su pierna o su trasero mi brazo, que tenia puesto de forma lo m\u00e1s modoso posible sobre el apoyabrazos para intentar sostener la revista que le\u00eda.<\/p>\n<p>Cuando lleg\u00e1bamos a Girona se mascaba la tragedia, porque sobre Figueres a\u00fan estaban vendiendo cupones y luego pasaron las tarjetas de tel\u00e9fono (o viceversa).<\/p>\n<p>Una de las TCP iba por la fila cinco ordenando abrocharse los cinturones, subir las mesas y apagar los MP3 cuando la sobrecargo pas\u00f3 a la carrera, la cogi\u00f3 del brazo y le dijo: \u00abd\u00e9jalo, si\u00e9ntate\u00bb tirando de ella y lanz\u00e1ndose casi en plancha sobre sus asientos: ya hab\u00edamos sobrepasado la cabecera de pista de GRO y a duras penas consigui\u00f3 apagar las luces antes de tocar la pista.<\/p>\n<p>Al rodar por la pista el \u00abgallinero\u00bb empez\u00f3 a levantarse de sus asientos mientras la sobrecargo berreaba con sus \u00faltimos espasmos de voz por el micr\u00f3fono que se sentasen hasta que el avi\u00f3n se hubiera detenido.<\/p>\n<p>Mientras desembarc\u00e1bamos, el avi\u00f3n parec\u00eda haber soportado una dura batalla: las preciosas revistas de Ryanair, con sus ofertas de ganancias millonarias en Loterias y productos \u00ab<em>mas baratos que en su tienda<\/em>\u00bb estaban tiradas por el suelo y la tripulaci\u00f3n de cabina estaba descompuesta y desorientada. Al fondo, los del jaleo segu\u00edan berreando.<\/p>\n<p style=\"text-align:center;\"><a href=\"http:\/\/www.flickr.com\/photos\/fotero\/3464596993\/\"><img decoding=\"async\" src=\"http:\/\/farm4.static.flickr.com\/3572\/3464596993_1ac02a6139.jpg\" style=\"border:none;width:450px;height:338px;\" alt=\"Aeroport de Girona\"  title=\"Aeroport de Girona\" \/><\/a><\/p>\n","protected":false},"excerpt":{"rendered":"<p>El vuelo de vuelta desde Calgari (Cerde\u00f1a) a Girona del s\u00e1bado once de abril fue un aut\u00e9ntico desastre. Por suerte, sin v\u00edctimas, salvo la profesionalidad y prestigio que pudiera tener la tripulaci\u00f3n de cabina que muri\u00f3 ante nuestros ojos en &hellip; <a href=\"https:\/\/robertopla.net\/blog\/vuelo-desastroso.htm\">Sigue leyendo <span class=\"meta-nav\">&rarr;<\/span><\/a><\/p>\n","protected":false},"author":1,"featured_media":0,"comment_status":"open","ping_status":"open","sticky":false,"template":"","format":"standard","meta":{"footnotes":""},"categories":[10],"tags":[],"class_list":["post-566","post","type-post","status-publish","format-standard","hentry","category-viajes"],"_links":{"self":[{"href":"https:\/\/robertopla.net\/blog\/wp-json\/wp\/v2\/posts\/566","targetHints":{"allow":["GET"]}}],"collection":[{"href":"https:\/\/robertopla.net\/blog\/wp-json\/wp\/v2\/posts"}],"about":[{"href":"https:\/\/robertopla.net\/blog\/wp-json\/wp\/v2\/types\/post"}],"author":[{"embeddable":true,"href":"https:\/\/robertopla.net\/blog\/wp-json\/wp\/v2\/users\/1"}],"replies":[{"embeddable":true,"href":"https:\/\/robertopla.net\/blog\/wp-json\/wp\/v2\/comments?post=566"}],"version-history":[{"count":0,"href":"https:\/\/robertopla.net\/blog\/wp-json\/wp\/v2\/posts\/566\/revisions"}],"wp:attachment":[{"href":"https:\/\/robertopla.net\/blog\/wp-json\/wp\/v2\/media?parent=566"}],"wp:term":[{"taxonomy":"category","embeddable":true,"href":"https:\/\/robertopla.net\/blog\/wp-json\/wp\/v2\/categories?post=566"},{"taxonomy":"post_tag","embeddable":true,"href":"https:\/\/robertopla.net\/blog\/wp-json\/wp\/v2\/tags?post=566"}],"curies":[{"name":"wp","href":"https:\/\/api.w.org\/{rel}","templated":true}]}}