{"id":568,"date":"2009-04-11T20:29:46","date_gmt":"2009-04-11T18:29:46","guid":{"rendered":"http:\/\/robertopla.net\/blog\/ultimo-dia-cerdenya.htm"},"modified":"2009-04-11T20:29:46","modified_gmt":"2009-04-11T18:29:46","slug":"ultimo-dia-cerdenya","status":"publish","type":"post","link":"https:\/\/robertopla.net\/blog\/ultimo-dia-cerdenya.htm","title":{"rendered":"Ultimo d\u00eda en Cerde\u00f1a"},"content":{"rendered":"<p>Nuestro \u00faltimo d\u00eda en Cerde\u00f1a decidimos visitar Iglesias. La lluvia nos acompa\u00f1\u00f3 como los otros d\u00edas y solo impidi\u00f3 volver si haber fotografiado a una mala <a href=\"http:\/\/buscon.rae.es\/draeI\/SrvltGUIBusUsual?LEMA=p%C3%A9cora\">pecora<\/a>, ni tampoco una buena, ni un reba\u00f1o de ellas.<\/p>\n<p>Sin ambargo el paisaje sigui\u00f3 siendo verde y en Iglesias tuvimos ocasi\u00f3n de ver m\u00e1s ejemplos de la arquitectura mediterr\u00e1nea que nos es tan familiar. A la vuelta a Cagliari pudimos sustraernos moment\u00e1neamente de la lluvia, encontrar un restaurante donde comer con f\u00fatbol por televisi\u00f3n de fondo y dedicamos el resto del d\u00eda a las \u00ab\u00faltimas compras\u00bb eso si acompa\u00f1ados de la pertinaz y familiar lluvia mediterr\u00e1nea de abril.<\/p>\n<p>Entre las compras hubo cosas tan variadas como unas flores de calabacin que a Mercedes le parecieron tan tiernas que no se pudo resistir porque dijo que en Figueres no las encontramos de ese tama\u00f1o. Mariona se compr\u00f3 una jarra de vidrio para su colecci\u00f3n y yo un libro sobre las operaciones a\u00e9reas aliadas con base en la isla durante la Segunda Guerra Mundial que comentar\u00e9 en su momento (cuando lo haya le\u00eddo).<\/p>\n<p>Y despu\u00e9s de pasar hasta por un supermercado, nos fuimos al Aeropuerto, pero esa ya es otra historia.<\/p>\n","protected":false},"excerpt":{"rendered":"<p>Nuestro \u00faltimo d\u00eda en Cerde\u00f1a decidimos visitar Iglesias. La lluvia nos acompa\u00f1\u00f3 como los otros d\u00edas y solo impidi\u00f3 volver si haber fotografiado a una mala pecora, ni tampoco una buena, ni un reba\u00f1o de ellas. Sin ambargo el paisaje &hellip; <a href=\"https:\/\/robertopla.net\/blog\/ultimo-dia-cerdenya.htm\">Sigue leyendo <span class=\"meta-nav\">&rarr;<\/span><\/a><\/p>\n","protected":false},"author":1,"featured_media":0,"comment_status":"open","ping_status":"open","sticky":false,"template":"","format":"standard","meta":{"footnotes":""},"categories":[10],"tags":[],"class_list":["post-568","post","type-post","status-publish","format-standard","hentry","category-viajes"],"_links":{"self":[{"href":"https:\/\/robertopla.net\/blog\/wp-json\/wp\/v2\/posts\/568","targetHints":{"allow":["GET"]}}],"collection":[{"href":"https:\/\/robertopla.net\/blog\/wp-json\/wp\/v2\/posts"}],"about":[{"href":"https:\/\/robertopla.net\/blog\/wp-json\/wp\/v2\/types\/post"}],"author":[{"embeddable":true,"href":"https:\/\/robertopla.net\/blog\/wp-json\/wp\/v2\/users\/1"}],"replies":[{"embeddable":true,"href":"https:\/\/robertopla.net\/blog\/wp-json\/wp\/v2\/comments?post=568"}],"version-history":[{"count":0,"href":"https:\/\/robertopla.net\/blog\/wp-json\/wp\/v2\/posts\/568\/revisions"}],"wp:attachment":[{"href":"https:\/\/robertopla.net\/blog\/wp-json\/wp\/v2\/media?parent=568"}],"wp:term":[{"taxonomy":"category","embeddable":true,"href":"https:\/\/robertopla.net\/blog\/wp-json\/wp\/v2\/categories?post=568"},{"taxonomy":"post_tag","embeddable":true,"href":"https:\/\/robertopla.net\/blog\/wp-json\/wp\/v2\/tags?post=568"}],"curies":[{"name":"wp","href":"https:\/\/api.w.org\/{rel}","templated":true}]}}