{"id":570,"date":"2009-04-18T18:03:12","date_gmt":"2009-04-18T16:03:12","guid":{"rendered":"http:\/\/robertopla.net\/blog\/despiste-de-ryanair-en-cagliari.htm"},"modified":"2009-04-18T18:03:12","modified_gmt":"2009-04-18T16:03:12","slug":"despiste-de-ryanair-en-cagliari","status":"publish","type":"post","link":"https:\/\/robertopla.net\/blog\/despiste-de-ryanair-en-cagliari.htm","title":{"rendered":"Despiste de Ryanair en Cagliari"},"content":{"rendered":"<p>Como epilogo a la historia del vuelo a Girona, al dia siguiente un avi\u00f3nde Ryanair aterriz\u00f3 en Cagliari sobre la pista de rodadura en lugar de hacerlo en la pista principal. La autoridad aeron\u00e1utica italiana indic\u00f3 en un <a href=\"http:\/\/195.103.234.163\/Applicazioni\/comunicati\/comunicato.asp?selpa1=1118\">comunicado<\/a> que investigar\u00eda el incidente, como por otra parte es normal y la prensa se hizo eco poniendo el acento en la duda sobre la preparaci\u00f3n de los pilotos de Ryanair.<\/p>\n<p>A mi me envi\u00f3 la noticia mi vecina Mariona, que hab\u00eda sufrido con nosotros el regreso de Cerde\u00f1a seg\u00fan aparec\u00eda en El Diari de Girona o en El periodico aunque ahora ninguna b\u00fasqyueda en esos diarios permite encontrar la noticia. Tambien se publico en la prensa italiana como la inefable <a href=\"http:\/\/unionesarda.ilsole24ore.com\/Articoli\/Articolo\/115888\">Unione Sarda<\/a> que nos acompa\u00f1\u00f3 e todo nuestro viaje por la isla (\u00a1Cuantos kioscos!)<\/p>\n<p>El caso es que luego <a href=\"http:\/\/www.skyscrapercity.com\/showthread.php?t=430146&#038;page=441\">le\u00ed en algun foro<\/a> de aviaci\u00f3n que la pista de rodadura se hab\u00eda estado usando hasta hacia poco como pista de aterrizaje mientras reparaban la pista prncipal e incluso en algunos foros dec\u00edan que el NOTAM estaba en vigor o lo hab\u00eda estado hasta el d\u00eda 9, pocos dias antes del incidente, asi que el error garrafal se convierte en peque\u00f1o despiste.<\/p>\n<p>Sin disculpar el despiste de la tripulaci\u00f3n, hay que destacar los importantes matices que desprecian la mayor parte de las veces los que relatan estos hechos ya que a veces los matices, estropear\u00edan el titular.<\/p>\n","protected":false},"excerpt":{"rendered":"<p>Como epilogo a la historia del vuelo a Girona, al dia siguiente un avi\u00f3nde Ryanair aterriz\u00f3 en Cagliari sobre la pista de rodadura en lugar de hacerlo en la pista principal. La autoridad aeron\u00e1utica italiana indic\u00f3 en un comunicado que &hellip; <a href=\"https:\/\/robertopla.net\/blog\/despiste-de-ryanair-en-cagliari.htm\">Sigue leyendo <span class=\"meta-nav\">&rarr;<\/span><\/a><\/p>\n","protected":false},"author":1,"featured_media":0,"comment_status":"open","ping_status":"open","sticky":false,"template":"","format":"standard","meta":{"footnotes":""},"categories":[2],"tags":[],"class_list":["post-570","post","type-post","status-publish","format-standard","hentry","category-aerotrastorno"],"_links":{"self":[{"href":"https:\/\/robertopla.net\/blog\/wp-json\/wp\/v2\/posts\/570","targetHints":{"allow":["GET"]}}],"collection":[{"href":"https:\/\/robertopla.net\/blog\/wp-json\/wp\/v2\/posts"}],"about":[{"href":"https:\/\/robertopla.net\/blog\/wp-json\/wp\/v2\/types\/post"}],"author":[{"embeddable":true,"href":"https:\/\/robertopla.net\/blog\/wp-json\/wp\/v2\/users\/1"}],"replies":[{"embeddable":true,"href":"https:\/\/robertopla.net\/blog\/wp-json\/wp\/v2\/comments?post=570"}],"version-history":[{"count":0,"href":"https:\/\/robertopla.net\/blog\/wp-json\/wp\/v2\/posts\/570\/revisions"}],"wp:attachment":[{"href":"https:\/\/robertopla.net\/blog\/wp-json\/wp\/v2\/media?parent=570"}],"wp:term":[{"taxonomy":"category","embeddable":true,"href":"https:\/\/robertopla.net\/blog\/wp-json\/wp\/v2\/categories?post=570"},{"taxonomy":"post_tag","embeddable":true,"href":"https:\/\/robertopla.net\/blog\/wp-json\/wp\/v2\/tags?post=570"}],"curies":[{"name":"wp","href":"https:\/\/api.w.org\/{rel}","templated":true}]}}