{"id":571,"date":"2009-04-23T22:57:18","date_gmt":"2009-04-23T20:57:18","guid":{"rendered":"http:\/\/robertopla.net\/blog\/dia-del-libro.htm"},"modified":"2009-04-23T22:57:18","modified_gmt":"2009-04-23T20:57:18","slug":"dia-del-libro","status":"publish","type":"post","link":"https:\/\/robertopla.net\/blog\/dia-del-libro.htm","title":{"rendered":"El d\u00eda del libro"},"content":{"rendered":"<p>Un a\u00f1o m\u00e1s. llega el d\u00eda del libro que este a\u00f1o casi se une a las Fiestas de Figueres ya que, aunque son para las Cruces de Mayo, el Ayuntamiento ha decidido hacer casi todos los actos antes de ese d\u00eda de forma que por ejemplo, el preg\u00f3n de las fiestas es el viernes 24.<\/p>\n<p>Ya <a href=\"http:\/\/robertopla.net\/blog\/sant-jordi.htm\">he comentado en este blog<\/a> la especial significaci\u00f3n que adquiere en Catalunya la \u00ab<abbr title=\"jornada\">diada<\/abbr> de Sant Jordi\u00bb, con sus libros, sus rosas y el orgullo de haber aportado una jornada tan bella al legado de la cultura universal.<\/p>\n<p>Lo malo es que parece ser que si les dejas suficiente tiempo, los hechos se empe\u00f1an contradecir a los sue\u00f1os. Ayer mientras paseaba por la feria del libro en Figueres pensaba en que se trataba de un desafortunado montaje y que prefer\u00eda pasar cualquier otro d\u00eda por una librer\u00eda con toda tranquilidad que meterme en aquel barullo de gente.<\/p>\n<p>La carpa que con buena intenci\u00f3n ha montado el Ayuntamiento y que servir\u00e1 este a\u00f1o como \u00ab<abbr title=\"entoldado\">envelat<\/abbr>\u00bb -es decir, el \u00ablocal\u00bb para los bailes de la feria- no hac\u00eda sino aumentar la sensaci\u00f3n de bochorno. En este caso el tiempo se ha apresurado a llevar la contraria a los pron\u00f3sticos ya que estos son tiempos de lluvia m\u00e1s que de calor pero el bochorno debajo del techo de lona plastificada era enorme. Como consuelo, seguro que nos proteg\u00eda del bombardeo de estorninos (aunque no los hay en estas fechas) y palomas (siempre presentes y dispuestas al combate).<\/p>\n<p>Otro factor disuasorio es la abundante presencia de puestos de partidos pol\u00edticos, con su literatura de adoctrinamiento a precios de oferta. No tengo nada en contra de que cada uno piense lo que le de la gana y participe en pol\u00edtica a trav\u00e9s de los cauces legales, pero \u00bfes Sant Jordi la jornada adecuada para la captaci\u00f3n de nuevos militantes?.<\/p>\n<p>Yo creo que no. Yo creo que la aut\u00e9ntica cultura, como la ciencia, es un mensaje universal que trasciende las ideolog\u00edas y las opiniones. La cultura que nos impulsa a leer y a conocer solo puede afrontarse con la mente abierta y el \u00e1nimo dispuesto a comprender y hoy en dia, desgraciadamente, no encuentro en los partidos pol\u00edticos ese mensaje sino m\u00e1s bien el de la negaci\u00f3n del adversario sin tan siquiera controversia ni debate, el engreimiento del que se siente pose\u00eddo por una verdad mesi\u00e1nica y en la obligaci\u00f3n no solo de propagarla sino de perseguir la herej\u00eda. Un panorama de auto censura que impide la aproximaci\u00f3n de posturas y llegar a acuerdos y que en definitiva es contrario no solo al concepto de cultura y conocimiento sino tambi\u00e9n al bien com\u00fan por lo que siendo este el fin \u00faltimo de la pol\u00edtica, esta resulta pervertida y desvirtuada. No me queda m\u00e1s remedio que citar otra vez a <a href=\"http:\/\/es.wikipedia.org\/wiki\/Jos%C3%A9_Ortega_y_Gasset\">Ortega y Gasset<\/a>: \u00ab<em>no es eso, no es eso<\/em>\u00ab.<\/p>\n","protected":false},"excerpt":{"rendered":"<p>Un a\u00f1o m\u00e1s. llega el d\u00eda del libro que este a\u00f1o casi se une a las Fiestas de Figueres ya que, aunque son para las Cruces de Mayo, el Ayuntamiento ha decidido hacer casi todos los actos antes de ese &hellip; <a href=\"https:\/\/robertopla.net\/blog\/dia-del-libro.htm\">Sigue leyendo <span class=\"meta-nav\">&rarr;<\/span><\/a><\/p>\n","protected":false},"author":1,"featured_media":0,"comment_status":"open","ping_status":"open","sticky":false,"template":"","format":"standard","meta":{"footnotes":""},"categories":[7],"tags":[],"class_list":["post-571","post","type-post","status-publish","format-standard","hentry","category-libros"],"_links":{"self":[{"href":"https:\/\/robertopla.net\/blog\/wp-json\/wp\/v2\/posts\/571","targetHints":{"allow":["GET"]}}],"collection":[{"href":"https:\/\/robertopla.net\/blog\/wp-json\/wp\/v2\/posts"}],"about":[{"href":"https:\/\/robertopla.net\/blog\/wp-json\/wp\/v2\/types\/post"}],"author":[{"embeddable":true,"href":"https:\/\/robertopla.net\/blog\/wp-json\/wp\/v2\/users\/1"}],"replies":[{"embeddable":true,"href":"https:\/\/robertopla.net\/blog\/wp-json\/wp\/v2\/comments?post=571"}],"version-history":[{"count":0,"href":"https:\/\/robertopla.net\/blog\/wp-json\/wp\/v2\/posts\/571\/revisions"}],"wp:attachment":[{"href":"https:\/\/robertopla.net\/blog\/wp-json\/wp\/v2\/media?parent=571"}],"wp:term":[{"taxonomy":"category","embeddable":true,"href":"https:\/\/robertopla.net\/blog\/wp-json\/wp\/v2\/categories?post=571"},{"taxonomy":"post_tag","embeddable":true,"href":"https:\/\/robertopla.net\/blog\/wp-json\/wp\/v2\/tags?post=571"}],"curies":[{"name":"wp","href":"https:\/\/api.w.org\/{rel}","templated":true}]}}