{"id":575,"date":"2009-04-27T00:28:53","date_gmt":"2009-04-26T22:28:53","guid":{"rendered":"http:\/\/robertopla.net\/blog\/lapsus-temporis.htm"},"modified":"2009-04-27T00:28:53","modified_gmt":"2009-04-26T22:28:53","slug":"lapsus-temporis","status":"publish","type":"post","link":"https:\/\/robertopla.net\/blog\/lapsus-temporis.htm","title":{"rendered":"Lapsus Temporis"},"content":{"rendered":"<p>Que si no se me ha olvidado el Lat\u00edn, se traducir\u00eda por \u00abLapso de tiempo\u00bb. Un intervalo, por ejemplo, hist\u00f3rico el de estos tres a\u00f1os que lleva el blog de vida. Y sigo buscando un software que me permita de forma f\u00e1cil convertir un conjunto de entradas en un documento pdf, a trav\u00e9s de un ODT de Open Office o de un Doc\/RTF de Microsoft Office. Ir copiando y pegando cada entrada, no mola. Me gustar\u00eda tener de esta forma un archivo del blog por a\u00f1os y tambien la posibilidad de editarlo en libro a trav\u00e9s de <a href=\"http:\/\/www.lulu.com\/es\/\">Lulu.com<\/a> o de otro servicio similar. No creo que vaya a convertirse en un \u00e9xito de ventas, se trata simplemente de disponer de un recuerdo con la forma entra\u00f1able de un libro de papel. Por muy friki o geek que sea, no puedo resistirme al encanto de las formas tradicionales del arte: el teatro frente al v\u00eddeo o el cine, la pintura y el dibujo frente a la fotograf\u00eda, el libro y el papel frente a la documentaci\u00f3n electr\u00f3nica.<\/p>\n<p>Otro lapso que me ha inspirado estas letras es el de silencio que se produce a veces en el blog. Inici\u00e9 este blog como un ejercicio de escritura \u00abgimn\u00e1stico\u00bb, para obligarme a escribir con regularidad y fortalecer mi capacidad de comunicaci\u00f3n escrita de forma que aquellos proyectos que quer\u00eda acomenter y que pasan por miles de palabras escritas fluyeran en su momento con m\u00e1s facilidad.<\/p>\n<p>Y sin embargo sigo teniendo momentos de silencio, semanas enteras que no son de incapacidad creativa, pues las ideas siguen fluyendo, pero si de dejadez y apat\u00eda escritora. La semana pasada ha sido una de estas. En realidad desde la vuelta de Cerde\u00f1a, la productividad ha sido muy baja. La mayor parte de los art\u00edculos han sido puestos en linea dias despu\u00e9s de iniciarse.<\/p>\n<p>Bueno, las cosas son como son y nunca he pretendido escribir el blog de moda. Los que me seguiis leyendo sois pr\u00e1cticamente todos amigos de confianza y ya se sabe: donde hay confianza, da asco.<\/p>\n<p><a href=\"http:\/\/www.flickr.com\/photos\/fotero\/\">Flickr<\/a> se ha visto afectado tambi\u00e9n por este ritmo irregular y aun me quedan un mont\u00f3n de fotos de Cerde\u00f1a por subir. Menos mal que algunas las ha ido subiendo Mercedes a <a href=\"http:\/\/rezeditas.blogspot.com\/\">su blog<\/a> que de esta forma amplia sus prop\u00f3sitos iniciales de libro de recetas.<\/p>\n<p>Ahora ser\u00eda bueno que dejase de escribir sobre lo poco que hago y lo vago que estoy y me pusiera manos a la obra, pero me temo que cuando acabe de escribir esto me voy a ir a la cama. Hoy ha sido un dia muy gris, con una breve aparicion del sol al medio d\u00eda. El tiempo desapacible no animaba a salir y nos hemos quedado en casa. He aprovechado para instalar Debian en el ordenador de sobremesa, un viejo Pentium a unos 600 MHz con 128 Mb. de RAM., despu\u00e9s de hacerlo el otro d\u00eda en el Acer Aspire One. No obstante en este \u00faltimo el entorno de ventanas Xfce que lleva no me gusta y estoy plante\u00e1ndome de cambiar a Ubuntu ya que hay una versi\u00f3n especial para esta m\u00e1quina.<\/p>\n<p>Como siempre estas son unas pocas de las muchas cosas que me llevo entre manos y como el refranero no perdona y aquello de que \u00abquien mucho abarca, poco aprieta\u00bb se cumple sin piedad, puede que sea esa la raz\u00f3n de mi improductividad. Y en estas andamos.<\/p>\n<p>Y nada m\u00e1s, gracias por seguir aqui y no olvideis este blog, tan imperfecto, pero hecho de forma completamente espont\u00e1nea, con toda ilusi\u00f3n.<\/p>\n","protected":false},"excerpt":{"rendered":"<p>Que si no se me ha olvidado el Lat\u00edn, se traducir\u00eda por \u00abLapso de tiempo\u00bb. Un intervalo, por ejemplo, hist\u00f3rico el de estos tres a\u00f1os que lleva el blog de vida. Y sigo buscando un software que me permita de &hellip; <a href=\"https:\/\/robertopla.net\/blog\/lapsus-temporis.htm\">Sigue leyendo <span class=\"meta-nav\">&rarr;<\/span><\/a><\/p>\n","protected":false},"author":1,"featured_media":0,"comment_status":"open","ping_status":"open","sticky":false,"template":"","format":"standard","meta":{"footnotes":""},"categories":[8],"tags":[],"class_list":["post-575","post","type-post","status-publish","format-standard","hentry","category-omblogo"],"_links":{"self":[{"href":"https:\/\/robertopla.net\/blog\/wp-json\/wp\/v2\/posts\/575","targetHints":{"allow":["GET"]}}],"collection":[{"href":"https:\/\/robertopla.net\/blog\/wp-json\/wp\/v2\/posts"}],"about":[{"href":"https:\/\/robertopla.net\/blog\/wp-json\/wp\/v2\/types\/post"}],"author":[{"embeddable":true,"href":"https:\/\/robertopla.net\/blog\/wp-json\/wp\/v2\/users\/1"}],"replies":[{"embeddable":true,"href":"https:\/\/robertopla.net\/blog\/wp-json\/wp\/v2\/comments?post=575"}],"version-history":[{"count":0,"href":"https:\/\/robertopla.net\/blog\/wp-json\/wp\/v2\/posts\/575\/revisions"}],"wp:attachment":[{"href":"https:\/\/robertopla.net\/blog\/wp-json\/wp\/v2\/media?parent=575"}],"wp:term":[{"taxonomy":"category","embeddable":true,"href":"https:\/\/robertopla.net\/blog\/wp-json\/wp\/v2\/categories?post=575"},{"taxonomy":"post_tag","embeddable":true,"href":"https:\/\/robertopla.net\/blog\/wp-json\/wp\/v2\/tags?post=575"}],"curies":[{"name":"wp","href":"https:\/\/api.w.org\/{rel}","templated":true}]}}