{"id":597,"date":"2009-06-18T23:51:51","date_gmt":"2009-06-18T21:51:51","guid":{"rendered":"http:\/\/robertopla.net\/blog\/matriculas-ilogicas.htm"},"modified":"2009-06-18T23:51:51","modified_gmt":"2009-06-18T21:51:51","slug":"matriculas-ilogicas","status":"publish","type":"post","link":"https:\/\/robertopla.net\/blog\/matriculas-ilogicas.htm","title":{"rendered":"Matriculas il\u00f3gicas"},"content":{"rendered":"<p>Se supone que la administraci\u00f3n debe basarse en la l\u00f3gica. Tanto si entendemos esta como la <em>disposici\u00f3n natural para discurrir con acierto sin el auxilio de la ciencia<\/em> o bien como la <em>ciencia que expone las leyes, modos y formas del conocimiento cient\u00edfico<\/em>, tenemos que concluir que la administraci\u00f3n que pretenda el bien com\u00fan, debe basarse en la l\u00f3gica, tanto si basa su actuaci\u00f3n en la ciencia o en eso tan et\u00e9reo que llamamos el sentido com\u00fan.<br \/>\nPues bien, si alguien quiere encontrar un ejemplo r\u00e1pido de administraci\u00f3n il\u00f3gica y por tanto ineficaz y reprobable, solo tiene que mirar la matr\u00edcula de alguno de los excesivamente abundantes veh\u00edculos en cualquier ciudad o carretera de Espa\u00f1a.<br \/>\nLas matr\u00edculas espa\u00f1olas de coches cambiaron en septiembre del a\u00f1o 2000. Hasta entonces en la matricula del veh\u00edculo aparec\u00edan una o dos letras que indicaban la provincia, un numero de cuatro d\u00edgitos y una combinaci\u00f3n de hasta dos letras. El motivo del cambio fue el agotamiento del sistema al llegar en algunas provincias al 9999-ZZ. El sistema anterior consist\u00eda en el indicativo de la provincia y un numero. Se consider\u00f3 agotado al llegar algunas provincias a n\u00fameros de siete d\u00edgitos.<br \/>\nSobre todo el sistema de matriculaci\u00f3n espa\u00f1ol la p\u00e1gina de referencia es el <a href=\"http:\/\/www.geocities.com\/amoros29\/\">Sitio de las Matr\u00edculas Espa\u00f1olas<\/a>, de David Urios Mond\u00e9jar, un aut\u00e9ntico spotter de matriculas. En su p\u00e1gina pueden consultarse los \u00faltimos n\u00fameros asignados en las diferentes modalidades y aprender numerosas curiosidades sobre las matriculas espa\u00f1olas, as\u00ed como en <a href=\"http:\/\/es.wikipedia.org\/wiki\/Matr\u00edcula_(autom\u00f3viles)\">la Wikipedia<\/a> que nos ilustra sobre los sistemas de matriculaci\u00f3n en otros pa\u00edses.<br \/>\nEl sistema actual se denomina &#8216;Europeo&#8217; aunque en absoluto es com\u00fan con otros pa\u00edses de la Uni\u00f3n y si el coche se vende en otro pa\u00eds de la uni\u00f3n hay que cambiar la matr\u00edcula. El supuesto sistema com\u00fan de matriculaci\u00f3n europeo, sencillamente no existe y el actual sistema espa\u00f1ol parece dise\u00f1ado para disgustar a todos excepto a los mercaderes de coches. A estos les disgustaba la expresi\u00f3n del origen provincial en la matr\u00edcula porque dificultaba sus trapicheos al llevar coches de segunda mano de unas provincias a otras.<br \/>\nPor otra parte carece completamente de l\u00f3gica ya que se desechan las vocales por una supuesta posible formaci\u00f3n de palabras soeces o no que puedan desagradar al usuario.<br \/>\nEntre pitos y flautas, al sistema se le calcula una vida de treinta a\u00f1os. Quiz\u00e1s esperan que se acabe antes el petroleo y con \u00e9l los coches o que para entonces una norma europea nos evite el inc\u00f3modo trabajo de pensar.<br \/>\nPor otra parte el sistema pretende &#8216;unificar&#8217; todos los tipos de matriculas. Antiguamente existian matriculas especiales para el Ej\u00e9rcito (ET), la Armada (FN), el Ej\u00e9rcito del Aire (EA), la policia (FPA), Guardia Civil (PGC), la comisaria de abastecimintos y transportes (CAT), el Ministerio de obras p\u00fablicas (MOP) o la gen\u00e9rica de los vehiculos de la administracion, la del Parque M\u00f3vil de Ministerios\u00bb (PMM). Con el cambio de r\u00e9gimen se cambiaron algunas como la de la polic\u00eda (PN luego CNP) o las de nuevos cuerpos como la de la policia de Catalu\u00f1a, los Mossos de Esquadra (CME).<\/p>\n<p style=\"text-align:center;\"><img decoding=\"async\" src=\"http:\/\/robertopla.net\/blog\/img\/matricula.jpg\" style=\"border:none;\" alt=\"Matricula\" title=\"Matricula\" \/><\/p>\n<p>Cabria esperar que la modernizacion y &#8216;unificacion&#8217; llevase a hacer desaparecer estas matriculas especiales o simplificase su confeccion. En absoluto. Hoy he visto un veh\u00edculo detenido delante mio en el sem\u00e1foro y he tenido que estar pensando hasta que le he encontrado un significado a la matricula, \u00a1MMA: Ministerio de Medio Ambiente!.<br \/>\nSi existiera una minima voluntad de aplicar la l\u00f3gica, todas las matriculas se solicitar\u00edan a un \u00fanico servidor central, en lugar de asignar cupos a las Jefaturas Provinciales de Tr\u00e1fico. No solo se usarian todas las letras sino que los usuarios podr\u00edan escoger las que deseasen para su vehiculo si no estuvieran registradas, cuando un veh\u00edculo se desguazase la matricula podr\u00eda ser reutilizada ya que la inform\u00e1tica hace trivial saber si un veh\u00edculo existe o no o a cual de los diferentes usuarios corresponde la matricula. Los veh\u00edculos podr\u00edan llevar perfectamente una banda vertical con el escudo de la comunidad aut\u00f3noma y el del municipio para contentar a los que desean presumir de tierra chica. Los veh\u00edculos oficiales se podr\u00edan distinguir de igual forma incorporando el escudo o indicativo del organismo en lugar de uno provincial y los colores del fondo de la placa y de los n\u00fameros podr\u00edan seguir diferenciando los grupos especiales como remolques, maquinaria pesada, importaci\u00f3n temporal, etc.<br \/>\nPero a pesar de la l\u00f3gica de todos estos razonamientos, la norma no se hizo asi. Quiz\u00e1s a nadie le preocup\u00f3, -salvo a los mercaderes, claro- y sus se\u00f1or\u00edas no se vieron motivados para hacer una norma l\u00f3gica. O quiz\u00e1s es que la l\u00f3gica no existe porque en realidad la b\u00fasqueda del bien com\u00fan es una quimera impropia de nuestro nivel de educaci\u00f3n ciudadana.<\/p>\n","protected":false},"excerpt":{"rendered":"<p>Se supone que la administraci\u00f3n debe basarse en la l\u00f3gica. Tanto si entendemos esta como la disposici\u00f3n natural para discurrir con acierto sin el auxilio de la ciencia o bien como la ciencia que expone las leyes, modos y formas &hellip; <a href=\"https:\/\/robertopla.net\/blog\/matriculas-ilogicas.htm\">Sigue leyendo <span class=\"meta-nav\">&rarr;<\/span><\/a><\/p>\n","protected":false},"author":1,"featured_media":0,"comment_status":"open","ping_status":"open","sticky":false,"template":"","format":"standard","meta":{"footnotes":""},"categories":[5],"tags":[],"class_list":["post-597","post","type-post","status-publish","format-standard","hentry","category-fugaces"],"_links":{"self":[{"href":"https:\/\/robertopla.net\/blog\/wp-json\/wp\/v2\/posts\/597","targetHints":{"allow":["GET"]}}],"collection":[{"href":"https:\/\/robertopla.net\/blog\/wp-json\/wp\/v2\/posts"}],"about":[{"href":"https:\/\/robertopla.net\/blog\/wp-json\/wp\/v2\/types\/post"}],"author":[{"embeddable":true,"href":"https:\/\/robertopla.net\/blog\/wp-json\/wp\/v2\/users\/1"}],"replies":[{"embeddable":true,"href":"https:\/\/robertopla.net\/blog\/wp-json\/wp\/v2\/comments?post=597"}],"version-history":[{"count":0,"href":"https:\/\/robertopla.net\/blog\/wp-json\/wp\/v2\/posts\/597\/revisions"}],"wp:attachment":[{"href":"https:\/\/robertopla.net\/blog\/wp-json\/wp\/v2\/media?parent=597"}],"wp:term":[{"taxonomy":"category","embeddable":true,"href":"https:\/\/robertopla.net\/blog\/wp-json\/wp\/v2\/categories?post=597"},{"taxonomy":"post_tag","embeddable":true,"href":"https:\/\/robertopla.net\/blog\/wp-json\/wp\/v2\/tags?post=597"}],"curies":[{"name":"wp","href":"https:\/\/api.w.org\/{rel}","templated":true}]}}