{"id":602,"date":"2009-07-21T02:04:04","date_gmt":"2009-07-21T00:04:04","guid":{"rendered":"http:\/\/robertopla.net\/blog\/el-dia-que-no-llegue-el-primero-a-la-luna.htm"},"modified":"2009-07-21T02:04:04","modified_gmt":"2009-07-21T00:04:04","slug":"el-dia-que-no-llegue-el-primero-a-la-luna","status":"publish","type":"post","link":"https:\/\/robertopla.net\/blog\/el-dia-que-no-llegue-el-primero-a-la-luna.htm","title":{"rendered":"El d\u00eda que no llegu\u00e9 el primero a la Luna"},"content":{"rendered":"<p><a href=\"http:\/\/www.flickr.com\/photos\/fotero\/2300430935\/in\/set-72157594245743838\" target=\"_blank\"><img decoding=\"async\" src=\"http:\/\/farm3.static.flickr.com\/2017\/2300430935_b26f3e22bb_m.jpg\" style=\"border-style: none; float: left; position: relative; left: 0px; padding-right: 10px; padding-bottom: 10px; padding-top: 10px;\" alt=\"La luna llamando a la Tierra, cambio\" title=\"La luna llamando a la Tierra, cambio\" \/><\/a>Yo era un ni\u00f1o somnoliento y asombrado ante la televisi\u00f3n. Mi madre sab\u00eda de mi pasi\u00f3n por los viajes espaciales y por la astron\u00e1utica y me despert\u00f3 para ver descender a <a href=\"http:\/\/www.jsc.nasa.gov\/Bios\/htmlbios\/armstrong-na.html\">Amstrong<\/a> del m\u00f3dulo lunar. Hoy cuando he visto las mismas im\u00e1genes en el telediario me han parecido much\u00edsimo mejores que aquellas en las que apenas pod\u00edamos distinguir algo, salvo por la enorme emoci\u00f3n, la ilusi\u00f3n y la pizca de frustraci\u00f3n.<br \/>\nPues si, fustraci\u00f3n. Solo unos meses antes, mis padres le hab\u00edan pedido a mi pediatra, el <a href=\"http:\/\/www.fundaciocambrodi.org\/index.php?option=com_content&#038;task=view&#038;id=15&#038;Itemid=31\">Doctor Cambrod\u00ed<\/a>, reputado estudioso de la psicolog\u00eda infantil, que tratase de responder a la pregunta:\u00bb\u00bfNuestro hijo es tonto o es vago?\u00bb. El doctor me hizo una tanda de test psicot\u00e9cnicos y el \u00faltimo d\u00eda me dijo:\u00bbRoberto, te voy a hacer una pregunta y quiero que me respondas, pens\u00e1ndolo bien: \u00bfque cosa te gustar\u00eda hacer m\u00e1s que ninguna otra que re\u00fana las caracter\u00edsticas de ser posible pero que t\u00fa sepas que es imposible que t\u00fa llegues a hacerla\u00bb, desoyendo el consejo del doctor y sin pensarlo dos veces le dije: \u00ab<em>ser el primero en llegar a la Luna<\/em>\u00ab.<br \/>\nEl doctor dictamin\u00f3, supongo que con otros elementos de convicci\u00f3n, que era vago. Entonces no hab\u00eda ni\u00f1os hiperactivos ni con d\u00e9ficit de la capacidad de atenci\u00f3n, solo ni\u00f1os tontos o vagos. Adem\u00e1s de los ni\u00f1os buenos, claro, pero la mayor\u00eda de estos eran aburridos, gilipollas o las dos cosas y carec\u00edan de inter\u00e9s para la ciencia. A mi me catalogaron como \u00ablisto pero muy vago: no hace m\u00e1s porque no le da la gana\u00bb. Y el doctor prescribi\u00f3 \u00abmano dura\u00bb. Mi padre lo aplic\u00f3 con entrega y cari\u00f1o y yo se lo agradezco. No llegu\u00e9 a astronauta como so\u00f1aba, pero al apuntar alto, qued\u00e9 en buena posici\u00f3n.<\/p>\n","protected":false},"excerpt":{"rendered":"<p>Yo era un ni\u00f1o somnoliento y asombrado ante la televisi\u00f3n. Mi madre sab\u00eda de mi pasi\u00f3n por los viajes espaciales y por la astron\u00e1utica y me despert\u00f3 para ver descender a Amstrong del m\u00f3dulo lunar. Hoy cuando he visto las &hellip; <a href=\"https:\/\/robertopla.net\/blog\/el-dia-que-no-llegue-el-primero-a-la-luna.htm\">Sigue leyendo <span class=\"meta-nav\">&rarr;<\/span><\/a><\/p>\n","protected":false},"author":1,"featured_media":0,"comment_status":"open","ping_status":"open","sticky":false,"template":"","format":"standard","meta":{"footnotes":""},"categories":[2],"tags":[],"class_list":["post-602","post","type-post","status-publish","format-standard","hentry","category-aerotrastorno"],"_links":{"self":[{"href":"https:\/\/robertopla.net\/blog\/wp-json\/wp\/v2\/posts\/602","targetHints":{"allow":["GET"]}}],"collection":[{"href":"https:\/\/robertopla.net\/blog\/wp-json\/wp\/v2\/posts"}],"about":[{"href":"https:\/\/robertopla.net\/blog\/wp-json\/wp\/v2\/types\/post"}],"author":[{"embeddable":true,"href":"https:\/\/robertopla.net\/blog\/wp-json\/wp\/v2\/users\/1"}],"replies":[{"embeddable":true,"href":"https:\/\/robertopla.net\/blog\/wp-json\/wp\/v2\/comments?post=602"}],"version-history":[{"count":0,"href":"https:\/\/robertopla.net\/blog\/wp-json\/wp\/v2\/posts\/602\/revisions"}],"wp:attachment":[{"href":"https:\/\/robertopla.net\/blog\/wp-json\/wp\/v2\/media?parent=602"}],"wp:term":[{"taxonomy":"category","embeddable":true,"href":"https:\/\/robertopla.net\/blog\/wp-json\/wp\/v2\/categories?post=602"},{"taxonomy":"post_tag","embeddable":true,"href":"https:\/\/robertopla.net\/blog\/wp-json\/wp\/v2\/tags?post=602"}],"curies":[{"name":"wp","href":"https:\/\/api.w.org\/{rel}","templated":true}]}}