{"id":654,"date":"2009-11-02T12:36:34","date_gmt":"2009-11-02T10:36:34","guid":{"rendered":"http:\/\/robertopla.net\/blog\/dia-de-difuntos.htm"},"modified":"2009-11-02T12:36:34","modified_gmt":"2009-11-02T10:36:34","slug":"dia-de-difuntos","status":"publish","type":"post","link":"https:\/\/robertopla.net\/blog\/dia-de-difuntos.htm","title":{"rendered":"D\u00eda de difuntos"},"content":{"rendered":"<p>Que duda cabe que la muerte forma parte importante de nuestros pensamientos mientras estamos vivos. Cualquier antrop\u00f3logo explicar\u00eda entusiasmado la importancia de los ritos funerarios en el nacimiento de la cultura y la sociedad, probablemente de la inteligencia o al menos de la conciencia de la existencia.<br \/>\nA mi no deja de sorprenderme la veneraci\u00f3n que se siente en las culturas mediterr\u00e1neas por los muertos. Creo que no tanto por las \u00e1nimas, ni tan siquiera por el concepto casi tribal de \u00ablos antepasados\u00bb sino, propiamente por los muertos, los cad\u00e1veres, los huesecitos, el polvo.<br \/>\n<a href=\"http:\/\/es.wikipedia.org\/wiki\/Conmemoraci%C3%B3n_de_los_Fieles_Difuntos\">Hoy se produce<\/a> una parte importante de las ventas en las florister\u00edas, la gente inunda los cementerios y se limpian y remozan las tumbas de los familiares. Tumbas sencillas, de una cruz en el suelo o una l\u00e1pida en el nicho, o mausoleos de m\u00e1rmol, barrocos o postmodernos. Da igual. A mi no deja de parecerme una est\u00fapida idolatr\u00eda de las piedras, un apego, no al alma o al esp\u00edritu sino a la materia que a veces no muestra amor por el ser perdido, sino la vanidad del que se queda o peor, la \u00faltima balandronada del que se fue.<\/p>\n<p style=\"text-align:center\"><a href=\"http:\/\/www.flickr.com\/photos\/fotero\/245942260\/\" ><img decoding=\"async\" src=\"http:\/\/farm1.static.flickr.com\/80\/245942260_d453374191.jpg\" style=\"border:none;width:446px;height:450px;\" alt=\"Garabato 8\"  title=\"Garabato 8\"\/><\/a><\/p>\n<p>Los muertos est\u00e1n muertos, no se comunican, no sienten ni padecen la dureza o la humedad de la tierra en que los dejamos. Una tumba es una ofrenda a Gaia en la que &#8216;el polvo vuelve al polvo&#8217; y se convierte en abono de nueva vida. Y ya est\u00e1. Para mi los difuntos viven en el recuerdo de los vivos, fomentado por el amor que les profesaron y sobre todo en las obras que realizaron, en aquello que contribuyeron a la sociedad, como artistas, cient\u00edficos, trabajadores, padres o madres de familia, dejaron una huella de su conocimiento, de su creatividad, de su esfuerzo y de su amor. Da igual que les cubra la tierra, el m\u00e1rmol o aunque fuera el oro puro, da igual que hayan volado por la chimenea de un incinerador o se hayan esparcido sus cenizas por el monte, el mar o el desag\u00fce de un retrete. Como dice el refr\u00e1n, el muerto al hoyo y el vivo al bollo. La muerte forma parte del ciclo de la vida y tanto negarla como darle una excesiva importancia resulta una degeneraci\u00f3n perversa.<br \/>\nNi que decir tiene que no me preocupa en absoluto donde se enterr\u00f3 a mis abuelos, y los familiares y amigos vivos que no esperen que lleve flores a su tumba, quiz\u00e1s las ponga en casa o en el jard\u00edn y al verlas piense en los buenos momentos que pasamos juntos, en el afecto y amor que nos profes\u00e1bamos, en las cosas que aprend\u00ed de ellos. Y si soy yo el que falta, espero que nadie necesite mi nombre en m\u00e1rmol ni marchitar unas flores para recordarme.<br \/>\nEn estos d\u00edas solo hay una cosa que me parece m\u00e1s est\u00fapida que ir al cementerio a cumplir con el rito funerario mediterr\u00e1neo y es dejarse llevar por la abducci\u00f3n que ejercen sobre nuestra sociedad las costumbres anglosajonas y revolcarse en el <a href=\"http:\/\/es.wikipedia.org\/wiki\/Halloween\">Halloween<\/a>. Como si no tuvi\u00e9ramos suficiente con nuestras tonter\u00edas, adoptamos las de otros.<\/p>\n","protected":false},"excerpt":{"rendered":"<p>No deja de sorprenderme la veneraci\u00f3n que se siente en las culturas mediterr\u00e1neas por los muertos. <a href=\"https:\/\/robertopla.net\/blog\/dia-de-difuntos.htm\">Sigue leyendo <span class=\"meta-nav\">&rarr;<\/span><\/a><\/p>\n","protected":false},"author":1,"featured_media":0,"comment_status":"open","ping_status":"open","sticky":false,"template":"","format":"standard","meta":{"footnotes":""},"categories":[5],"tags":[318],"class_list":["post-654","post","type-post","status-publish","format-standard","hentry","category-fugaces","tag-sociedad"],"_links":{"self":[{"href":"https:\/\/robertopla.net\/blog\/wp-json\/wp\/v2\/posts\/654","targetHints":{"allow":["GET"]}}],"collection":[{"href":"https:\/\/robertopla.net\/blog\/wp-json\/wp\/v2\/posts"}],"about":[{"href":"https:\/\/robertopla.net\/blog\/wp-json\/wp\/v2\/types\/post"}],"author":[{"embeddable":true,"href":"https:\/\/robertopla.net\/blog\/wp-json\/wp\/v2\/users\/1"}],"replies":[{"embeddable":true,"href":"https:\/\/robertopla.net\/blog\/wp-json\/wp\/v2\/comments?post=654"}],"version-history":[{"count":0,"href":"https:\/\/robertopla.net\/blog\/wp-json\/wp\/v2\/posts\/654\/revisions"}],"wp:attachment":[{"href":"https:\/\/robertopla.net\/blog\/wp-json\/wp\/v2\/media?parent=654"}],"wp:term":[{"taxonomy":"category","embeddable":true,"href":"https:\/\/robertopla.net\/blog\/wp-json\/wp\/v2\/categories?post=654"},{"taxonomy":"post_tag","embeddable":true,"href":"https:\/\/robertopla.net\/blog\/wp-json\/wp\/v2\/tags?post=654"}],"curies":[{"name":"wp","href":"https:\/\/api.w.org\/{rel}","templated":true}]}}