{"id":660,"date":"2009-11-07T23:23:34","date_gmt":"2009-11-07T21:23:34","guid":{"rendered":"http:\/\/robertopla.net\/blog\/fotos-aviones-y-presentaciones.htm"},"modified":"2015-04-19T12:02:26","modified_gmt":"2015-04-19T10:02:26","slug":"fotos-aviones-y-presentaciones","status":"publish","type":"post","link":"https:\/\/robertopla.net\/blog\/fotos-aviones-y-presentaciones.htm","title":{"rendered":"Fotos, aviones y presentaciones"},"content":{"rendered":"<p>En estos \u00faltimos d\u00edas ha circulado por la red una presentaci\u00f3n titulada <a title=\"Fotografias Aeronauticas\" href=\"http:\/\/www.scribd.com\/doc\/22249059\/Fotofrafias-Aeronauticas\">Fotograf\u00edas Aeronauticas<\/a> y varios de mis amigos, a despecho de mis repetidos comentarios en el sentido de que no me gusta que me envien archivos grandes por correo, han creido el tema lo suficientemente interesante como para saltarse esa recomendaci\u00f3n. Yo se lo agradezco a todos, pero m\u00e1s que a ninguno a Jose Manuel de <a href=\"http:\/\/www.sandglasspatrol.com\/\">Sandglass Patrol<\/a>, que ha tenido la amabilidad de ponerla en la web de <a href=\"http:\/\/www.scribd.com\/\">Scribd<\/a> y enviar tan solo un enlace a la misma, que adem\u00e1s me permite ofrecerosla aqui.<br \/>\nLA presentaci\u00f3n recoge algunas fotograf\u00edas de Javier S\u00e1enz de Cenzano Gallegos, piloto del Ala 12. Entre ellas la titulada \u00abMi punto y yo\u00bb galardonada como \u00abMejor Fotograf\u00eda\u00bb en el <a href=\"http:\/\/www.ejercitodelaire.mde.es\/ea\/pag?idDoc=06916A56291C1832C1257641003A43E0\">concurso fotogr\u00e1fico de Revista de Aeron\u00e1utica y Astron\u00e1utica<\/a>.<\/p>\n<p><iframe loading=\"lazy\" class=\"scribd_iframe_embed\" src=\"https:\/\/www.scribd.com\/embeds\/22249059\/content?start_page=1&#038;view_mode=scroll&#038;access_key=key-1duwi5x20n2fbgq066xs&#038;show_recommendations=true\" data-auto-height=\"false\" data-aspect-ratio=\"0.75\" scrolling=\"no\" id=\"doc_88301\" width=\"100%\" height=\"600\" frameborder=\"0\"><\/iframe><\/p>\n<p>A mi me ha pillado sin el Office instalado. De hecho solo tengo <a href=\"http:\/\/es.openoffice.org\/\">Open Office<\/a> instalado en el equipo ya que voy \u00e1mino de instalar Linux\/<a href=\"http:\/\/www.debian.org\/index.es.html\">Debian<\/a> en mi nuevo ordenador como \u00fanico sistema operativo. Creo que a\u00fan no hay versi\u00f3n de Microsoft Office para Debian, aunque de todas formas \u00bfquien necesita a Microsoft teniendo a mano Open Office?<br \/>\nDe todas formas, si a\u00fan as\u00ed quereis ver el Power Point en su versi\u00f3n original, podeis descargar <a href=\"http:\/\/download.microsoft.com\/download\/9\/d\/c\/9dc8f04b-5007-44eb-994a-993a14c07e71\/PowerPointViewer.exe\">Microsoft Power Point Viewer<\/a> la soluci\u00f3n que Microsoft propone para todos aquellos usuarios que necesitan visualizar el contenido de una presentaci\u00f3n en este formato, pero que no pueden hacerlo al no tener instalado Power Point en el equipo.<br \/>\nAunque si sois amantes del peligro y no os importa tener instalado en el ordenador un petardo como Internet Explorer, tambien podeis usar <a href=\"http:\/\/www.microsoft.com\/downloads\/details.aspx?FamilyID=4033A84A-24C7-40B2-8783-D80ADA33CFF8&amp;displaylang=EN\">la versi\u00f3n ActiveX<\/a>, un plugin que permite ver las presentaciones en el explorador de Microsoft.<br \/>\nLa compatibilidad entre Power Point e Impress, la herramienta de presentaciones de Open Office no es completa. Los chicos de Microsoft siempre se guardan alg\u00fan as en la manga y algunos efectos son intraducibles, pero con Impress no depender\u00e1s de que otra persona compre software adicional para ver tus presentaciones, ni el sistema operativo en el que se encuentre ya que <a href=\"http:\/\/es.openoffice.org\/\">Open Office<\/a> es gratuito y corre en todos los sistemas operativos del mercado. Adem\u00e1s de eso te permite guardar tus presentaciones en HTML y Flash, y ser publicadas a la red para que esten al alcande de todos.<\/p>\n<p><b>NOTA:<\/b> Con fecha 19\/04\/2015 edito para actualizar el formato de inserci\u00f3n de la presentaci\u00f3n. Pido disculpas si habeis accedido antes a esta entrada y no habeis podido ver la presentacion desde esta p\u00e1gina. <\/p>\n","protected":false},"excerpt":{"rendered":"<p>No satur\u00e9is los buzones de vuestros amigos enviando presentaciones o videos, subirlas a la red y enviarles el enlace o compartir en redes sociales o mensajeria enviando solo el enlace donde lo hab\u00e9is visto.  <a href=\"https:\/\/robertopla.net\/blog\/fotos-aviones-y-presentaciones.htm\">Sigue leyendo <span class=\"meta-nav\">&rarr;<\/span><\/a><\/p>\n","protected":false},"author":1,"featured_media":0,"comment_status":"open","ping_status":"open","sticky":false,"template":"","format":"standard","meta":{"footnotes":""},"categories":[2],"tags":[412,411,185,410,286,298,359],"class_list":["post-660","post","type-post","status-publish","format-standard","hentry","category-aerotrastorno","tag-correo","tag-email","tag-internet","tag-netiqueta","tag-presentaciones","tag-redessociales","tag-video"],"_links":{"self":[{"href":"https:\/\/robertopla.net\/blog\/wp-json\/wp\/v2\/posts\/660","targetHints":{"allow":["GET"]}}],"collection":[{"href":"https:\/\/robertopla.net\/blog\/wp-json\/wp\/v2\/posts"}],"about":[{"href":"https:\/\/robertopla.net\/blog\/wp-json\/wp\/v2\/types\/post"}],"author":[{"embeddable":true,"href":"https:\/\/robertopla.net\/blog\/wp-json\/wp\/v2\/users\/1"}],"replies":[{"embeddable":true,"href":"https:\/\/robertopla.net\/blog\/wp-json\/wp\/v2\/comments?post=660"}],"version-history":[{"count":2,"href":"https:\/\/robertopla.net\/blog\/wp-json\/wp\/v2\/posts\/660\/revisions"}],"predecessor-version":[{"id":3687,"href":"https:\/\/robertopla.net\/blog\/wp-json\/wp\/v2\/posts\/660\/revisions\/3687"}],"wp:attachment":[{"href":"https:\/\/robertopla.net\/blog\/wp-json\/wp\/v2\/media?parent=660"}],"wp:term":[{"taxonomy":"category","embeddable":true,"href":"https:\/\/robertopla.net\/blog\/wp-json\/wp\/v2\/categories?post=660"},{"taxonomy":"post_tag","embeddable":true,"href":"https:\/\/robertopla.net\/blog\/wp-json\/wp\/v2\/tags?post=660"}],"curies":[{"name":"wp","href":"https:\/\/api.w.org\/{rel}","templated":true}]}}