{"id":694,"date":"2010-08-22T23:19:29","date_gmt":"2010-08-22T21:19:29","guid":{"rendered":"http:\/\/robertopla.net\/blog\/?p=694"},"modified":"2010-08-22T23:19:29","modified_gmt":"2010-08-22T21:19:29","slug":"vida-interior","status":"publish","type":"post","link":"https:\/\/robertopla.net\/blog\/vida-interior.htm","title":{"rendered":"Vida interior"},"content":{"rendered":"<p><strong>Parte primera<\/strong><br \/>\nEl subt\u00edtulo de este blog dice que aqu\u00ed trato de cosas &#8216;<em>a las que doy vueltas<\/em>&#8216;. Uno de los motivos por los que empec\u00e9 a escribirlo es mi natural tendencia a dar muchas vueltas a las cosas. He observado en otras personas que el exceso de an\u00e1lisis puede conducir a una duda constante y a aumentar la dificultad para tomar una decisi\u00f3n, con la consiguiente angustia o infelicidad. En el plano social, cuando uno va dando la vara al pr\u00f3jimo m\u00e1s inmediato con sus cavilaciones y dudas, suele pasar a la categor\u00eda de los &#8216;<em>plastas insoportables<\/em>&#8216; y su prestigio social, cuando no su convivencia incluso familiar,  se resiente. Darle la vara a un blog tiene la ventaja de que el que quiere lo lee y el que no, pasa del tema.<br \/>\nToda esta introducci\u00f3n es para justificar la afirmaci\u00f3n, sin que parezca pedanter\u00eda, de que tengo bastante &#8216;vida interior&#8217;. Muchos de mis profesores lo han definido como que &#8216;estoy en Babia&#8217; algunos compa\u00f1eros como que me hago muchas &#8216;pajas mentales&#8217; y otros en un exceso de confianza que siempre es de agradecer me han dicho que &#8216;soy un plasta&#8217;.<\/p>\n<p><strong>Parte segunda<\/strong><br \/>\nTener el blog a mano me permite por otra parte tomar nota de algunas ideas fugaces, locas o divertidas que de otro modo se perder\u00edan. Muchos presuntos artistas dicen que \u00abescriben para ellos mismos\u00bb. Yo no creo que eso sea verdad, el que escribe lo hace con alguna esperanza, aunque sea min\u00fascula no ya de ser le\u00eddo sino m\u00e1s bien de ser aplaudido por lo que ha escrito.<br \/>\nNo obstante es cierto que muchos de mis chistes solo me hacen gracia a mi, que alguna de las cosas que escribo me sirven para ordenar mis ideas, aunque al resto del mundo le importen un bledo, ordenadas o desordenadas y que algunas ideas que personalmente considero interesantes se  perder\u00edan si no las anotase en el blog.<br \/>\nLo malo es que a veces me veo obligado a volver al Planeta Tierra dejando a medias lo que parec\u00eda el inicio de una interesante meditaci\u00f3n o cuando menos un prologo grandilocuente y lo que podr\u00eda haber sido una idea brillante aplaudida por los m\u00e1s eminentes fil\u00f3sofos de la humanidad se queda en la primera parte de un post al que un mes o as\u00ed despu\u00e9s tengo que escribir una segunda parte intentando buscarle un sentido. <\/p>\n<p><strong>Parte Tercera<\/strong><br \/>\nCreo que lo \u00fanico que salva este post es que es un ejercicio de sinceridad absoluta desde su principio al fin que llega con esta tercera parte.<\/p>\n<p><strong>Epilogo gr\u00e1fico inesperado<\/strong><\/p>\n<p style=\"text-align:center;\"><a href=\"http:\/\/www.flickr.com\/photos\/fotero\/4898838137\/\" ><img decoding=\"async\" src=\"http:\/\/farm5.static.flickr.com\/4097\/4898838137_309a5e6992.jpg\" style=\"border:none;width:338px;height:450px\" alt=\"vida interior\" title=\"vida interior\" \/><\/a><br \/><span style=\"font-size:0.8em;\">Esta foto hecha en el Puig de misa en Santa Eulalia des Riu durante mis vacaciones tampoco tiene nada que ver con el tema del post, pero me gusta mucho y desde que la he puesto en Flickr tiene muy pocas visitas. Al hacer click para visitarla no te comprometes, ni aceptas ni niegas ningunas de las afirmaciones vertidas en el post acabado anteriormente.<\/span><\/p>\n","protected":false},"excerpt":{"rendered":"<p>Parte primera El subt\u00edtulo de este blog dice que aqu\u00ed trato de cosas &#8216;a las que doy vueltas&#8216;. Uno de los motivos por los que empec\u00e9 a escribirlo es mi natural tendencia a dar muchas vueltas a las cosas. He &hellip; <a href=\"https:\/\/robertopla.net\/blog\/vida-interior.htm\">Sigue leyendo <span class=\"meta-nav\">&rarr;<\/span><\/a><\/p>\n","protected":false},"author":1,"featured_media":0,"comment_status":"open","ping_status":"open","sticky":false,"template":"","format":"standard","meta":{"footnotes":""},"categories":[8],"tags":[],"class_list":["post-694","post","type-post","status-publish","format-standard","hentry","category-omblogo"],"_links":{"self":[{"href":"https:\/\/robertopla.net\/blog\/wp-json\/wp\/v2\/posts\/694","targetHints":{"allow":["GET"]}}],"collection":[{"href":"https:\/\/robertopla.net\/blog\/wp-json\/wp\/v2\/posts"}],"about":[{"href":"https:\/\/robertopla.net\/blog\/wp-json\/wp\/v2\/types\/post"}],"author":[{"embeddable":true,"href":"https:\/\/robertopla.net\/blog\/wp-json\/wp\/v2\/users\/1"}],"replies":[{"embeddable":true,"href":"https:\/\/robertopla.net\/blog\/wp-json\/wp\/v2\/comments?post=694"}],"version-history":[{"count":0,"href":"https:\/\/robertopla.net\/blog\/wp-json\/wp\/v2\/posts\/694\/revisions"}],"wp:attachment":[{"href":"https:\/\/robertopla.net\/blog\/wp-json\/wp\/v2\/media?parent=694"}],"wp:term":[{"taxonomy":"category","embeddable":true,"href":"https:\/\/robertopla.net\/blog\/wp-json\/wp\/v2\/categories?post=694"},{"taxonomy":"post_tag","embeddable":true,"href":"https:\/\/robertopla.net\/blog\/wp-json\/wp\/v2\/tags?post=694"}],"curies":[{"name":"wp","href":"https:\/\/api.w.org\/{rel}","templated":true}]}}