{"id":704,"date":"2010-02-14T22:04:29","date_gmt":"2010-02-14T21:04:29","guid":{"rendered":"http:\/\/robertopla.net\/blog\/el-punto-de-vista-de-los-controladores.htm"},"modified":"2023-11-27T19:56:17","modified_gmt":"2023-11-27T18:56:17","slug":"el-punto-de-vista-de-los-controladores","status":"publish","type":"post","link":"https:\/\/robertopla.net\/blog\/el-punto-de-vista-de-los-controladores.htm","title":{"rendered":"El punto de vista de los controladores"},"content":{"rendered":"<p>Me ha sorprendido que los medios no publicasen e absoluto el punto de vista de los controladores en el conflicto que los enfrenta a AENA.<br \/>\nYo no tengo ni simpat\u00edas ni antipat\u00edas entre los controladores como colectivo. De forma individual conozco a alguno, personalmente, profesionalmente y virtualmente con los cuales me unen diferentes niveles de amistad lo que no implica -l\u00f3gicamente- que tengamos los mismos puntos de vista y opiniones.<br \/>\nLo que pasa es que a mi no me gusta mirar solo en la direcci\u00f3n que me indican. Y que en un conflicto solo se oiga a una de las partes, no me parece un buen camino para formarse un criterio ecu\u00e1nime. Y todo el tema de los sueldos y que salga un ministro poniendo a bajar del burro a un colectivo de trabajadores, no me parece un indicio de agua clara.<br \/>\nAqu\u00ed est\u00e1 el punto de vista de los controladores, con el cual ni comulgo ni discrepo, solo es informaci\u00f3n. Una informaci\u00f3n que no ha estado, a mi modo de ver, muy accesible. Por eso me he tomado el peque\u00f1o trabajo de enlazar esta <a href=\"https:\/\/es.slideshare.net\/apcae\/controladores-areos-el-linchamiento-3178544\">presentaci\u00f3n de Slideshare<\/a>, para que est\u00e9 accesible y de esta forma cada uno puede formarse su propio criterio.<\/p>\n<p><iframe loading=\"lazy\" style=\"border: 1px solid #CCC; border-width: 1px; margin-bottom: 5px; max-width: 100%;\" src=\"https:\/\/www.slideshare.net\/slideshow\/embed_code\/key\/zJJ3ydBreuDw7Q?startSlide=1\" width=\"597\" height=\"486\" frameborder=\"0\" marginwidth=\"0\" marginheight=\"0\" scrolling=\"no\" allowfullscreen=\"allowfullscreen\"><\/iframe><\/p>\n<p><strong>Editado el 27\/11\/2023<\/strong> para actualizar el sistema de inserci\u00f3n del v\u00eddeo.<\/p>\n","protected":false},"excerpt":{"rendered":"<p>Presentaci\u00f3n con el punto de vista de los controladores en el conflicto que los enfrenta a AENA. (2010) <a href=\"https:\/\/robertopla.net\/blog\/el-punto-de-vista-de-los-controladores.htm\">Sigue leyendo <span class=\"meta-nav\">&rarr;<\/span><\/a><\/p>\n","protected":false},"author":1,"featured_media":0,"comment_status":"open","ping_status":"open","sticky":false,"template":"","format":"standard","meta":{"footnotes":""},"categories":[2],"tags":[],"class_list":["post-704","post","type-post","status-publish","format-standard","hentry","category-aerotrastorno"],"_links":{"self":[{"href":"https:\/\/robertopla.net\/blog\/wp-json\/wp\/v2\/posts\/704","targetHints":{"allow":["GET"]}}],"collection":[{"href":"https:\/\/robertopla.net\/blog\/wp-json\/wp\/v2\/posts"}],"about":[{"href":"https:\/\/robertopla.net\/blog\/wp-json\/wp\/v2\/types\/post"}],"author":[{"embeddable":true,"href":"https:\/\/robertopla.net\/blog\/wp-json\/wp\/v2\/users\/1"}],"replies":[{"embeddable":true,"href":"https:\/\/robertopla.net\/blog\/wp-json\/wp\/v2\/comments?post=704"}],"version-history":[{"count":2,"href":"https:\/\/robertopla.net\/blog\/wp-json\/wp\/v2\/posts\/704\/revisions"}],"predecessor-version":[{"id":5148,"href":"https:\/\/robertopla.net\/blog\/wp-json\/wp\/v2\/posts\/704\/revisions\/5148"}],"wp:attachment":[{"href":"https:\/\/robertopla.net\/blog\/wp-json\/wp\/v2\/media?parent=704"}],"wp:term":[{"taxonomy":"category","embeddable":true,"href":"https:\/\/robertopla.net\/blog\/wp-json\/wp\/v2\/categories?post=704"},{"taxonomy":"post_tag","embeddable":true,"href":"https:\/\/robertopla.net\/blog\/wp-json\/wp\/v2\/tags?post=704"}],"curies":[{"name":"wp","href":"https:\/\/api.w.org\/{rel}","templated":true}]}}