{"id":838,"date":"2010-05-14T07:45:07","date_gmt":"2010-05-14T05:45:07","guid":{"rendered":"http:\/\/robertopla.net\/blog\/?p=838"},"modified":"2023-11-20T21:10:35","modified_gmt":"2023-11-20T20:10:35","slug":"fires-de-la-santa-creu","status":"publish","type":"post","link":"https:\/\/robertopla.net\/blog\/fires-de-la-santa-creu.htm","title":{"rendered":"Fires de la Santa Creu"},"content":{"rendered":"<p>Este a\u00f1o asist\u00ed al mejor preg\u00f3n de los \u00faltimos 25 a\u00f1os y a la proclamaci\u00f3n por su autor de la \u00abFiguere\u00e7a\u00bb, la forma de ser caracter\u00edstica de los figuerenses.<\/p>\n<p style=\"text-align: center;\"><iframe loading=\"lazy\" title=\"YouTube video player\" src=\"https:\/\/www.youtube.com\/embed\/yelIo76xEgo?si=F5D2r_nB0FICGKWL\" width=\"560\" height=\"315\" frameborder=\"0\" allowfullscreen=\"allowfullscreen\"><\/iframe><\/p>\n<p>Despu\u00e9s del preg\u00f3n me acerqu\u00e9 a <a href=\"http:\/\/www.vicencpagesjorda.net\/\">Vicen\u00e7 Pag\u00e8s<\/a>. Como una de las cosas que hab\u00eda dicho al principio del preg\u00f3n era que cuando se lo encargaron tuvo que mirar a ver que se sol\u00eda decir porque no hab\u00eda pronunciado nunca ninguno, le felicit\u00e9 d\u00e1ndole la enhorabuena y aclarando que \u00abpara ser la primera vez, no se te ha dado mal\u00bb. Me confes\u00f3 que llevaba un mes preparando sus espont\u00e1neas palabras.<br \/>\nLuego quise aclarar otra duda: \u00abPerdona -le dije- pero todo el mundo repite que has escrito <strong>un<\/strong> libro, \u00bfes que solo has escrito uno o es que este es especialmente interesante?\u00bb. Me aclar\u00f3 muy amablemente que en realidad ha escrito y publicado diez libros, pero que al desarrollar su acci\u00f3n en Figueres, el \u00faltimo, titulado \u00ab<a href=\"https:\/\/www.vicencpagesjorda.net\/cat\/llibres\/jugadors.html\">Els jugadors de whist<\/a>\u00bb era el m\u00e1s celebrado en la ciudad. Me coment\u00f3 que unos de los personajes son una familia de un militar del Ej\u00e9rcito del Aire, que en la novela viven en \u00ablas casas americanas\u00bb, \u00a1mi barrio!. Despert\u00f3 de tal forma mi curiosidad que el primer d\u00eda laborable me pas\u00e9 por Mallart para comprarlo y lo tengo en la lista de libros por leer impaciente por empezarlo.<br \/>\nLas fiestas han pasado bastante m\u00e1s lluviosas que otros a\u00f1os, si ello es posible, ya que las Fires y Festes de la Santa Creu en Figueres son sin\u00f3nimo de lluvia. Los a\u00f1os de sequ\u00eda los payeses las esperan ilusionados.<br \/>\nAl final, como cada a\u00f1o, el pasado domingo d\u00eda nueve, los <a href=\"http:\/\/robertopla.net\/blog\/fuegos-artificiales.htm\">fuegos artificiales<\/a> se\u00f1alaban con su tan ef\u00edmero como injustificado gasto p\u00fablico, el fin de las fiestas.<\/p>\n<p style=\"text-align: center;\"><a href=\"http:\/\/www.flickr.com\/photos\/fotero\/4593957876\/\"><img decoding=\"async\" style=\"border: none; width: 450px; height: 338px;\" title=\"Fin de las fiestas\" src=\"http:\/\/farm2.static.flickr.com\/1290\/4593957876_5d795e48c0.jpg\" alt=\"Fin de las fiestas\" \/><\/a><\/p>\n<p><strong>Editado el 20\/11\/2023<\/strong> para actualizar el sistema de inserci\u00f3n del v\u00eddeo. El protagonista de esta publicaci\u00f3n, Vicen\u00e7 Pag\u00e8s Jord\u00e0, nos dej\u00f3 el 27 de agosto de 2022 a los 58 a\u00f1os.<\/p>\n","protected":false},"excerpt":{"rendered":"<p>Con motivo del preg\u00f3n de las Fires i Festes de la Santa Creu -sin duda el mejor que he escuchado- tuve ocasi\u00f3n de charlar con su autor, el figuerense Vicent Pag\u00e9s <a href=\"https:\/\/robertopla.net\/blog\/fires-de-la-santa-creu.htm\">Sigue leyendo <span class=\"meta-nav\">&rarr;<\/span><\/a><\/p>\n","protected":false},"author":1,"featured_media":0,"comment_status":"open","ping_status":"open","sticky":false,"template":"","format":"standard","meta":{"footnotes":""},"categories":[8],"tags":[129,130,172],"class_list":["post-838","post","type-post","status-publish","format-standard","hentry","category-omblogo","tag-fiestas","tag-figueres","tag-humor"],"_links":{"self":[{"href":"https:\/\/robertopla.net\/blog\/wp-json\/wp\/v2\/posts\/838","targetHints":{"allow":["GET"]}}],"collection":[{"href":"https:\/\/robertopla.net\/blog\/wp-json\/wp\/v2\/posts"}],"about":[{"href":"https:\/\/robertopla.net\/blog\/wp-json\/wp\/v2\/types\/post"}],"author":[{"embeddable":true,"href":"https:\/\/robertopla.net\/blog\/wp-json\/wp\/v2\/users\/1"}],"replies":[{"embeddable":true,"href":"https:\/\/robertopla.net\/blog\/wp-json\/wp\/v2\/comments?post=838"}],"version-history":[{"count":3,"href":"https:\/\/robertopla.net\/blog\/wp-json\/wp\/v2\/posts\/838\/revisions"}],"predecessor-version":[{"id":5135,"href":"https:\/\/robertopla.net\/blog\/wp-json\/wp\/v2\/posts\/838\/revisions\/5135"}],"wp:attachment":[{"href":"https:\/\/robertopla.net\/blog\/wp-json\/wp\/v2\/media?parent=838"}],"wp:term":[{"taxonomy":"category","embeddable":true,"href":"https:\/\/robertopla.net\/blog\/wp-json\/wp\/v2\/categories?post=838"},{"taxonomy":"post_tag","embeddable":true,"href":"https:\/\/robertopla.net\/blog\/wp-json\/wp\/v2\/tags?post=838"}],"curies":[{"name":"wp","href":"https:\/\/api.w.org\/{rel}","templated":true}]}}